{"id":3303,"date":"2019-01-08T18:33:03","date_gmt":"2019-01-08T17:33:03","guid":{"rendered":"http:\/\/www.of-zwischenwasser.at\/?p=3303"},"modified":"2019-01-08T18:33:04","modified_gmt":"2019-01-08T17:33:04","slug":"einsatz-template-14-20","status":"publish","type":"post","link":"https:\/\/www.of-zwischenwasser.at\/?p=3303","title":{"rendered":"Einsatz: Baum auf Tunnelportal gest\u00fcrzt, Wengen"},"content":{"rendered":"<p><strong>Einsatz Nr:<\/strong> 02\/2019<br \/>\n<strong>Alarmierungszeit:<\/strong> 08.01.2019 10:48<br \/>\n<strong>Pagermeldung:<\/strong>\u00a0f2 ZWISCHENWASSER L51 &#8211; LATERNSER STRA\u00dfE Baum verlegt Stra\u00dfe<\/p>\n<p><strong>Situation:<\/strong>\u00a0Der zweite Einsatz an diesem winterlichen Dienstag, f\u00fchrte uns wieder Richtung Laterns. Ein Baum war auf das \u00f6stliche Tunnelportal des\u00a0Schwarze-R\u00fcfe-Tunnel gest\u00fcrzt und blockierte teilweise die Fahrbahn. Am Einsatzort angekommen \u00fcbernahm die OF Zwischenwasser die Verkehrsregelung und Absicherung der Einsatzstelle. Gemeinsam mit Mitarbeitern des Landesstra\u00dfenbauamtes, konnte der Baum rasch zerkleinert und entfernt werden. Nachdem die Fahrbahn gereinigt war, konnte die Laternser Stra\u00dfe wieder f\u00fcr den Verkehr frei gegeben werden.<\/p>\n<p><!--more--><strong>Im Einsatz waren:<\/strong><\/p>\n<ul>\n<li>7\u00a0Mann\/Frau mit\u00a0<a title=\"Details zu KRF\" href=\"?page_id=87\">KRF-A<\/a>,\u00a0<a title=\"Details zu LFB\" href=\"?page_id=92\">LFB-A<\/a><\/li>\n<li>Landesstra\u00dfenbauamt<\/li>\n<\/ul>\n\n\t\t<style type=\"text\/css\">\n\t\t\t#gallery-1 {\n\t\t\t\tmargin: auto;\n\t\t\t}\n\t\t\t#gallery-1 .gallery-item {\n\t\t\t\tfloat: left;\n\t\t\t\tmargin-top: 10px;\n\t\t\t\ttext-align: center;\n\t\t\t\twidth: 33%;\n\t\t\t}\n\t\t\t#gallery-1 img {\n\t\t\t\tborder: 2px solid #cfcfcf;\n\t\t\t}\n\t\t\t#gallery-1 .gallery-caption {\n\t\t\t\tmargin-left: 0;\n\t\t\t}\n\t\t\t\/* see gallery_shortcode() in wp-includes\/media.php *\/\n\t\t<\/style>\n\t\t<div id='gallery-1' class='gallery galleryid-3303 gallery-columns-3 gallery-size-thumbnail'><dl class='gallery-item'>\n\t\t\t<dt class='gallery-icon landscape'>\n\t\t\t\t<a href='https:\/\/www.of-zwischenwasser.at\/wp-content\/uploads\/2019\/01\/20190108_111941.jpg'><img loading=\"lazy\" decoding=\"async\" width=\"150\" height=\"150\" src=\"https:\/\/www.of-zwischenwasser.at\/wp-content\/uploads\/2019\/01\/20190108_111941-150x150.jpg\" class=\"attachment-thumbnail size-thumbnail\" alt=\"\" \/><\/a>\n\t\t\t<\/dt><\/dl><dl class='gallery-item'>\n\t\t\t<dt class='gallery-icon landscape'>\n\t\t\t\t<a href='https:\/\/www.of-zwischenwasser.at\/wp-content\/uploads\/2019\/01\/20190108_110913.jpg'><img loading=\"lazy\" decoding=\"async\" width=\"150\" height=\"150\" src=\"https:\/\/www.of-zwischenwasser.at\/wp-content\/uploads\/2019\/01\/20190108_110913-150x150.jpg\" class=\"attachment-thumbnail size-thumbnail\" alt=\"\" \/><\/a>\n\t\t\t<\/dt><\/dl><dl class='gallery-item'>\n\t\t\t<dt class='gallery-icon landscape'>\n\t\t\t\t<a href='https:\/\/www.of-zwischenwasser.at\/wp-content\/uploads\/2019\/01\/20190108_111134.jpg'><img loading=\"lazy\" decoding=\"async\" width=\"150\" height=\"150\" src=\"https:\/\/www.of-zwischenwasser.at\/wp-content\/uploads\/2019\/01\/20190108_111134-150x150.jpg\" class=\"attachment-thumbnail size-thumbnail\" alt=\"\" \/><\/a>\n\t\t\t<\/dt><\/dl><br style=\"clear: both\" \/>\n\t\t<\/div>\n\n","protected":false},"excerpt":{"rendered":"<p>Einsatz Nr: 02\/2019 Alarmierungszeit: 08.01.2019 10:48 Pagermeldung:\u00a0f2 ZWISCHENWASSER L51 &#8211; LATERNSER STRA\u00dfE Baum verlegt Stra\u00dfe Situation:\u00a0Der zweite Einsatz an diesem winterlichen Dienstag, f\u00fchrte uns wieder Richtung Laterns. Ein Baum war auf das \u00f6stliche Tunnelportal des\u00a0Schwarze-R\u00fcfe-Tunnel gest\u00fcrzt und blockierte teilweise die &hellip; <a href=\"https:\/\/www.of-zwischenwasser.at\/?p=3303\">Weiterlesen <span class=\"meta-nav\">&rarr;<\/span><\/a><\/p>\n","protected":false},"author":1,"featured_media":0,"comment_status":"closed","ping_status":"closed","sticky":false,"template":"","format":"standard","meta":{"footnotes":""},"categories":[3,409],"tags":[17,135,411,410,11,128,210],"class_list":["post-3303","post","type-post","status-publish","format-standard","hentry","category-einsatze","category-einsaetze-2019","tag-batschuns","tag-baum","tag-baum-umgestuerzt","tag-baumschaden","tag-f2","tag-laternserstrasse","tag-wengen"],"_links":{"self":[{"href":"https:\/\/www.of-zwischenwasser.at\/index.php?rest_route=\/wp\/v2\/posts\/3303","targetHints":{"allow":["GET"]}}],"collection":[{"href":"https:\/\/www.of-zwischenwasser.at\/index.php?rest_route=\/wp\/v2\/posts"}],"about":[{"href":"https:\/\/www.of-zwischenwasser.at\/index.php?rest_route=\/wp\/v2\/types\/post"}],"author":[{"embeddable":true,"href":"https:\/\/www.of-zwischenwasser.at\/index.php?rest_route=\/wp\/v2\/users\/1"}],"replies":[{"embeddable":true,"href":"https:\/\/www.of-zwischenwasser.at\/index.php?rest_route=%2Fwp%2Fv2%2Fcomments&post=3303"}],"version-history":[{"count":3,"href":"https:\/\/www.of-zwischenwasser.at\/index.php?rest_route=\/wp\/v2\/posts\/3303\/revisions"}],"predecessor-version":[{"id":3333,"href":"https:\/\/www.of-zwischenwasser.at\/index.php?rest_route=\/wp\/v2\/posts\/3303\/revisions\/3333"}],"wp:attachment":[{"href":"https:\/\/www.of-zwischenwasser.at\/index.php?rest_route=%2Fwp%2Fv2%2Fmedia&parent=3303"}],"wp:term":[{"taxonomy":"category","embeddable":true,"href":"https:\/\/www.of-zwischenwasser.at\/index.php?rest_route=%2Fwp%2Fv2%2Fcategories&post=3303"},{"taxonomy":"post_tag","embeddable":true,"href":"https:\/\/www.of-zwischenwasser.at\/index.php?rest_route=%2Fwp%2Fv2%2Ftags&post=3303"}],"curies":[{"name":"wp","href":"https:\/\/api.w.org\/{rel}","templated":true}]}}