{"id":3345,"date":"2019-02-04T20:14:59","date_gmt":"2019-02-04T19:14:59","guid":{"rendered":"http:\/\/www.of-zwischenwasser.at\/?p=3345"},"modified":"2019-02-04T20:15:00","modified_gmt":"2019-02-04T19:15:00","slug":"einsatz-template-14-23","status":"publish","type":"post","link":"https:\/\/www.of-zwischenwasser.at\/?p=3345","title":{"rendered":"Einsatz: Dafinserstra\u00dfe durch umgest\u00fcrzten Baum blockiert"},"content":{"rendered":"<p><strong>Einsatz Nr:<\/strong>\u00a005\/2019<br \/>\n<strong>Alarmierungszeit:<\/strong> 03.02.2019 14:44<br \/>\n<strong>Pagermeldung:<\/strong>\u00a0f1 ZWISCHENWASSER L71 &#8211; DAFINSER STRA\u00dfE in der 3. Kurve von R\u00f6this kommend [Technischer Einsatz] Baum auf der Stra\u00dfe<\/p>\n<p><strong>Situation:<\/strong> Die starken Schneef\u00e4lle f\u00fchrten am Sonntag Nachmittag dazu, dass die Dafinserstra\u00dfe durch einen umgest\u00fcrzten Baum blockiert wurde. Mit Hilfe von Kettens\u00e4ge und Sappie war der Baum schnell beseitigt und die Stra\u00dfe konnte f\u00fcr den Verkehr wieder freigegeben werden.<\/p>\n<p><!--more--><strong>Im Einsatz waren:<\/strong><\/p>\n<ul>\n<li>14 Mann\/Frau mit <a title=\"Details zu MTF\" href=\"?page_id=85\">MTF<\/a>, <a title=\"Details zu KRF\" href=\"?page_id=87\">KRF-A<\/a>, <a title=\"Details zu LFB\" href=\"?page_id=92\">LFB-A<\/a><\/li>\n<\/ul>\n\n\t\t<style type=\"text\/css\">\n\t\t\t#gallery-1 {\n\t\t\t\tmargin: auto;\n\t\t\t}\n\t\t\t#gallery-1 .gallery-item {\n\t\t\t\tfloat: left;\n\t\t\t\tmargin-top: 10px;\n\t\t\t\ttext-align: center;\n\t\t\t\twidth: 33%;\n\t\t\t}\n\t\t\t#gallery-1 img {\n\t\t\t\tborder: 2px solid #cfcfcf;\n\t\t\t}\n\t\t\t#gallery-1 .gallery-caption {\n\t\t\t\tmargin-left: 0;\n\t\t\t}\n\t\t\t\/* see gallery_shortcode() in wp-includes\/media.php *\/\n\t\t<\/style>\n\t\t<div id='gallery-1' class='gallery galleryid-3345 gallery-columns-3 gallery-size-thumbnail'><dl class='gallery-item'>\n\t\t\t<dt class='gallery-icon landscape'>\n\t\t\t\t<a href='https:\/\/www.of-zwischenwasser.at\/wp-content\/uploads\/2019\/02\/20190203_145524.jpg'><img loading=\"lazy\" decoding=\"async\" width=\"150\" height=\"150\" src=\"https:\/\/www.of-zwischenwasser.at\/wp-content\/uploads\/2019\/02\/20190203_145524-150x150.jpg\" class=\"attachment-thumbnail size-thumbnail\" alt=\"\" \/><\/a>\n\t\t\t<\/dt><\/dl><dl class='gallery-item'>\n\t\t\t<dt class='gallery-icon landscape'>\n\t\t\t\t<a href='https:\/\/www.of-zwischenwasser.at\/wp-content\/uploads\/2019\/02\/20190203_145904.jpg'><img loading=\"lazy\" decoding=\"async\" width=\"150\" height=\"150\" src=\"https:\/\/www.of-zwischenwasser.at\/wp-content\/uploads\/2019\/02\/20190203_145904-150x150.jpg\" class=\"attachment-thumbnail size-thumbnail\" alt=\"\" \/><\/a>\n\t\t\t<\/dt><\/dl><dl class='gallery-item'>\n\t\t\t<dt class='gallery-icon landscape'>\n\t\t\t\t<a href='https:\/\/www.of-zwischenwasser.at\/wp-content\/uploads\/2019\/02\/20190203_150032.jpg'><img loading=\"lazy\" decoding=\"async\" width=\"150\" height=\"150\" src=\"https:\/\/www.of-zwischenwasser.at\/wp-content\/uploads\/2019\/02\/20190203_150032-150x150.jpg\" class=\"attachment-thumbnail size-thumbnail\" alt=\"\" \/><\/a>\n\t\t\t<\/dt><\/dl><br style=\"clear: both\" \/><dl class='gallery-item'>\n\t\t\t<dt class='gallery-icon landscape'>\n\t\t\t\t<a href='https:\/\/www.of-zwischenwasser.at\/wp-content\/uploads\/2019\/02\/20190203_145458.jpg'><img loading=\"lazy\" decoding=\"async\" width=\"150\" height=\"150\" src=\"https:\/\/www.of-zwischenwasser.at\/wp-content\/uploads\/2019\/02\/20190203_145458-150x150.jpg\" class=\"attachment-thumbnail size-thumbnail\" alt=\"\" \/><\/a>\n\t\t\t<\/dt><\/dl>\n\t\t\t<br style='clear: both' \/>\n\t\t<\/div>\n\n","protected":false},"excerpt":{"rendered":"<p>Einsatz Nr:\u00a005\/2019 Alarmierungszeit: 03.02.2019 14:44 Pagermeldung:\u00a0f1 ZWISCHENWASSER L71 &#8211; DAFINSER STRA\u00dfE in der 3. Kurve von R\u00f6this kommend [Technischer Einsatz] Baum auf der Stra\u00dfe Situation: Die starken Schneef\u00e4lle f\u00fchrten am Sonntag Nachmittag dazu, dass die Dafinserstra\u00dfe durch einen umgest\u00fcrzten Baum &hellip; <a href=\"https:\/\/www.of-zwischenwasser.at\/?p=3345\">Weiterlesen <span class=\"meta-nav\">&rarr;<\/span><\/a><\/p>\n","protected":false},"author":1,"featured_media":0,"comment_status":"closed","ping_status":"closed","sticky":false,"template":"","format":"standard","meta":{"footnotes":""},"categories":[3,409],"tags":[411,415,6,385,383,13,60,412],"class_list":["post-3345","post","type-post","status-publish","format-standard","hentry","category-einsatze","category-einsaetze-2019","tag-baum-umgestuerzt","tag-baumschaen","tag-dafins","tag-dafinser-strasse","tag-dafinserstrasse","tag-f1","tag-schnee","tag-schneelast"],"_links":{"self":[{"href":"https:\/\/www.of-zwischenwasser.at\/index.php?rest_route=\/wp\/v2\/posts\/3345","targetHints":{"allow":["GET"]}}],"collection":[{"href":"https:\/\/www.of-zwischenwasser.at\/index.php?rest_route=\/wp\/v2\/posts"}],"about":[{"href":"https:\/\/www.of-zwischenwasser.at\/index.php?rest_route=\/wp\/v2\/types\/post"}],"author":[{"embeddable":true,"href":"https:\/\/www.of-zwischenwasser.at\/index.php?rest_route=\/wp\/v2\/users\/1"}],"replies":[{"embeddable":true,"href":"https:\/\/www.of-zwischenwasser.at\/index.php?rest_route=%2Fwp%2Fv2%2Fcomments&post=3345"}],"version-history":[{"count":1,"href":"https:\/\/www.of-zwischenwasser.at\/index.php?rest_route=\/wp\/v2\/posts\/3345\/revisions"}],"predecessor-version":[{"id":3360,"href":"https:\/\/www.of-zwischenwasser.at\/index.php?rest_route=\/wp\/v2\/posts\/3345\/revisions\/3360"}],"wp:attachment":[{"href":"https:\/\/www.of-zwischenwasser.at\/index.php?rest_route=%2Fwp%2Fv2%2Fmedia&parent=3345"}],"wp:term":[{"taxonomy":"category","embeddable":true,"href":"https:\/\/www.of-zwischenwasser.at\/index.php?rest_route=%2Fwp%2Fv2%2Fcategories&post=3345"},{"taxonomy":"post_tag","embeddable":true,"href":"https:\/\/www.of-zwischenwasser.at\/index.php?rest_route=%2Fwp%2Fv2%2Ftags&post=3345"}],"curies":[{"name":"wp","href":"https:\/\/api.w.org\/{rel}","templated":true}]}}