{"id":3598,"date":"2019-07-28T14:00:35","date_gmt":"2019-07-28T13:00:35","guid":{"rendered":"http:\/\/www.of-zwischenwasser.at\/?p=3598"},"modified":"2019-08-13T17:05:33","modified_gmt":"2019-08-13T16:05:33","slug":"einsatz-template-14-34","status":"publish","type":"post","link":"https:\/\/www.of-zwischenwasser.at\/?p=3598","title":{"rendered":"Einsatz: Baum verlegt Dafinserstra\u00dfe, Dafins"},"content":{"rendered":"<p><strong>Einsatz Nr:<\/strong> 16\/2019<br \/>\n<strong>Alarmierungszeit:<\/strong> 27.07.2019 18:40<br \/>\n<strong>Pagermeldung:<\/strong> t1 ZWISCHENWASSER L71 &#8211; DAFINSER STRA\u00dfE [Baum verlegt Stra\u00dfe]<\/p>\n<p><strong>Situation:<\/strong> Durch die starken Windb\u00f6en die im Zuge einer Gewintterfront \u00fcber Zwischenwasser fegten, war im Bereich der Dafinserstra\u00dfe ein Baum umgeknickt. Mittels Kettens\u00e4ge wurde der Baum zerkleinert und mit einem Traktor von der Stra\u00dfe gezogen. Anschlie\u00dfend wurde die Fahrbahn gereinigt und wieder f\u00fcr den Verkehr freigegeben.<\/p>\n<p><!--more--><strong>Im Einsatz waren:<\/strong><\/p>\n<ul>\n<li>12 Mann\/Frau mit <a title=\"Details zu MTF\" href=\"?page_id=85\">MTF<\/a>, <a title=\"Details zu KRF\" href=\"?page_id=87\">KRF-A<\/a>, <a title=\"Details zu LFB\" href=\"?page_id=92\">LFB-A<\/a><\/li>\n<\/ul>\n\n\t\t<style type=\"text\/css\">\n\t\t\t#gallery-1 {\n\t\t\t\tmargin: auto;\n\t\t\t}\n\t\t\t#gallery-1 .gallery-item {\n\t\t\t\tfloat: left;\n\t\t\t\tmargin-top: 10px;\n\t\t\t\ttext-align: center;\n\t\t\t\twidth: 33%;\n\t\t\t}\n\t\t\t#gallery-1 img {\n\t\t\t\tborder: 2px solid #cfcfcf;\n\t\t\t}\n\t\t\t#gallery-1 .gallery-caption {\n\t\t\t\tmargin-left: 0;\n\t\t\t}\n\t\t\t\/* see gallery_shortcode() in wp-includes\/media.php *\/\n\t\t<\/style>\n\t\t<div id='gallery-1' class='gallery galleryid-3598 gallery-columns-3 gallery-size-thumbnail'><dl class='gallery-item'>\n\t\t\t<dt class='gallery-icon portrait'>\n\t\t\t\t<a href='https:\/\/www.of-zwischenwasser.at\/wp-content\/uploads\/2019\/07\/Windwurf_Dafinserstra\u00dfe.jpg'><img loading=\"lazy\" decoding=\"async\" width=\"150\" height=\"150\" src=\"https:\/\/www.of-zwischenwasser.at\/wp-content\/uploads\/2019\/07\/Windwurf_Dafinserstra\u00dfe-150x150.jpg\" class=\"attachment-thumbnail size-thumbnail\" alt=\"\" \/><\/a>\n\t\t\t<\/dt><\/dl>\n\t\t\t<br style='clear: both' \/>\n\t\t<\/div>\n\n","protected":false},"excerpt":{"rendered":"<p>Einsatz Nr: 16\/2019 Alarmierungszeit: 27.07.2019 18:40 Pagermeldung: t1 ZWISCHENWASSER L71 &#8211; DAFINSER STRA\u00dfE [Baum verlegt Stra\u00dfe] Situation: Durch die starken Windb\u00f6en die im Zuge einer Gewintterfront \u00fcber Zwischenwasser fegten, war im Bereich der Dafinserstra\u00dfe ein Baum umgeknickt. Mittels Kettens\u00e4ge wurde &hellip; <a href=\"https:\/\/www.of-zwischenwasser.at\/?p=3598\">Weiterlesen <span class=\"meta-nav\">&rarr;<\/span><\/a><\/p>\n","protected":false},"author":1,"featured_media":0,"comment_status":"closed","ping_status":"closed","sticky":false,"template":"","format":"standard","meta":{"footnotes":""},"categories":[3,409],"tags":[6,383,7,446,443,445,444,401],"class_list":["post-3598","post","type-post","status-publish","format-standard","hentry","category-einsatze","category-einsaetze-2019","tag-dafins","tag-dafinserstrasse","tag-sturm","tag-sturmschaden","tag-t1","tag-wind","tag-windboee","tag-windwurf"],"_links":{"self":[{"href":"https:\/\/www.of-zwischenwasser.at\/index.php?rest_route=\/wp\/v2\/posts\/3598","targetHints":{"allow":["GET"]}}],"collection":[{"href":"https:\/\/www.of-zwischenwasser.at\/index.php?rest_route=\/wp\/v2\/posts"}],"about":[{"href":"https:\/\/www.of-zwischenwasser.at\/index.php?rest_route=\/wp\/v2\/types\/post"}],"author":[{"embeddable":true,"href":"https:\/\/www.of-zwischenwasser.at\/index.php?rest_route=\/wp\/v2\/users\/1"}],"replies":[{"embeddable":true,"href":"https:\/\/www.of-zwischenwasser.at\/index.php?rest_route=%2Fwp%2Fv2%2Fcomments&post=3598"}],"version-history":[{"count":1,"href":"https:\/\/www.of-zwischenwasser.at\/index.php?rest_route=\/wp\/v2\/posts\/3598\/revisions"}],"predecessor-version":[{"id":3603,"href":"https:\/\/www.of-zwischenwasser.at\/index.php?rest_route=\/wp\/v2\/posts\/3598\/revisions\/3603"}],"wp:attachment":[{"href":"https:\/\/www.of-zwischenwasser.at\/index.php?rest_route=%2Fwp%2Fv2%2Fmedia&parent=3598"}],"wp:term":[{"taxonomy":"category","embeddable":true,"href":"https:\/\/www.of-zwischenwasser.at\/index.php?rest_route=%2Fwp%2Fv2%2Fcategories&post=3598"},{"taxonomy":"post_tag","embeddable":true,"href":"https:\/\/www.of-zwischenwasser.at\/index.php?rest_route=%2Fwp%2Fv2%2Ftags&post=3598"}],"curies":[{"name":"wp","href":"https:\/\/api.w.org\/{rel}","templated":true}]}}