{"id":3638,"date":"2019-09-16T17:30:18","date_gmt":"2019-09-16T16:30:18","guid":{"rendered":"http:\/\/www.of-zwischenwasser.at\/?p=3638"},"modified":"2019-10-30T21:16:19","modified_gmt":"2019-10-30T20:16:19","slug":"einsatz-template-14-38","status":"publish","type":"post","link":"https:\/\/www.of-zwischenwasser.at\/?p=3638","title":{"rendered":"Einsatz: Stadel in Vollbrand, Rankweil"},"content":{"rendered":"<p><strong>Einsatz Nr:<\/strong> 21\/2019<br \/>\n<strong>Alarmierungszeit:<\/strong> 13.09.2019 06:22<br \/>\n<strong>Pagermeldung:<\/strong> f11 RANKWEIL WALGAUSTRA\u00dfE L50 &#8211; WALGAUSTRA\u00dfE Stadel in Vollbrand &#8211; Clublokal Graue W\u00f6lfe<\/p>\n<p><strong>Situation:<\/strong> Vergangenen Freitag wurden wir zu einem Geb\u00e4udebrand nach Rankweil alarmiert. Beim Eintreffen am Einsatzort stand der Dachstuhl bereits in Vollbrand. Die Feuerwehr Rankweil hatte bereits auf der Anfahrt die Feuerwehren Zwischenwasser und G\u00f6tzis nachalarmiert und nach dem Eintreffen noch die Feuerwehren G\u00f6fis, Feldkirch Stadt, Sulz, Altenstadt, Meinigen und M\u00e4der alarmiert. Beim Eintreffen am Brandobjekt wurde durch die Feuerwehr Zwischenwasser der Abschnitt &#8222;Wald &#8211; hinterer Geb\u00e4udeteil&#8220; \u00fcbernommen. Unter Atemschutz wurde ein Innenangriff gestartet. Zudem wurden von au\u00dfen L\u00f6scharbeiten durchgef\u00fchrt. Mit Hilfe der TS wurde das GTLF Rankweil und das TLF Zwischenwasser mit Wasser aus dem Nafla Bach versorgt. W\u00e4hrend des Einsatzes war die Walgaustra\u00dfe f\u00fcr den gesamten Verkehr gesperrt. Um ca. 11 Uhr war der konnten wir vom Einsatzort wieder abr\u00fccken.<\/p>\n<p><!--more--><strong>Im Einsatz waren:<\/strong><\/p>\n<ul>\n<li>22 Mann\/Frau mit <a title=\"Details zu MTF\" href=\"?page_id=85\">MTF<\/a>,&nbsp;<a title=\"Details zu KLF\" href=\"?page_id=88\">KLF-A<\/a>, <a title=\"Details zu TLF\" href=\"?page_id=90\">TLF-A<\/a>, <a title=\"Details zu LFB\" href=\"?page_id=92\">LFB-A<\/a>, <a title=\"Details zu VF\" href=\"?page_id=94\">VF-A<\/a><\/li>\n<li>FW Rankweil, FW G\u00f6tzis, FW G\u00f6fis, FW Feldkirch Stadt, FW Sulz, FW Altenstadt, FW Meinigen und FW M\u00e4der<\/li>\n<li>Rettungsdienst<\/li>\n<li>Polizei<\/li>\n<\/ul>\n<p><strong>Medienberichte:<\/strong><\/p>\n<ul>\n<li><a href=\"https:\/\/vorarlberg.orf.at\/stories\/3012627\/\" target=\"_blank\" rel=\"noopener noreferrer\">Holzstadel durch Brand v\u00f6llig zerst\u00f6rt &#8211; ORF Vorarlberg<\/a><\/li>\n<li><a href=\"https:\/\/www.vol.at\/vorarlberg-stadel-in-rankweil-in-vollbrand\/6349440\" target=\"_blank\" rel=\"noopener noreferrer\">Stadel in Rankweil in Vollbrand &#8211; Vorarlberg Online<\/a><\/li>\n<\/ul>\n\n\t\t<style type=\"text\/css\">\n\t\t\t#gallery-1 {\n\t\t\t\tmargin: auto;\n\t\t\t}\n\t\t\t#gallery-1 .gallery-item {\n\t\t\t\tfloat: left;\n\t\t\t\tmargin-top: 10px;\n\t\t\t\ttext-align: center;\n\t\t\t\twidth: 33%;\n\t\t\t}\n\t\t\t#gallery-1 img {\n\t\t\t\tborder: 2px solid #cfcfcf;\n\t\t\t}\n\t\t\t#gallery-1 .gallery-caption {\n\t\t\t\tmargin-left: 0;\n\t\t\t}\n\t\t\t\/* see gallery_shortcode() in wp-includes\/media.php *\/\n\t\t<\/style>\n\t\t<div id='gallery-1' class='gallery galleryid-3638 gallery-columns-3 gallery-size-thumbnail'><dl class='gallery-item'>\n\t\t\t<dt class='gallery-icon landscape'>\n\t\t\t\t<a href='https:\/\/www.of-zwischenwasser.at\/wp-content\/uploads\/2019\/09\/1_orf.at_DietmarMathis.jpg'><img loading=\"lazy\" decoding=\"async\" width=\"150\" height=\"150\" src=\"https:\/\/www.of-zwischenwasser.at\/wp-content\/uploads\/2019\/09\/1_orf.at_DietmarMathis-150x150.jpg\" class=\"attachment-thumbnail size-thumbnail\" alt=\"(c) Dietmar Mathis \/ orf.at\" \/><\/a>\n\t\t\t<\/dt><\/dl><dl class='gallery-item'>\n\t\t\t<dt class='gallery-icon landscape'>\n\t\t\t\t<a href='https:\/\/www.of-zwischenwasser.at\/wp-content\/uploads\/2019\/09\/2_orf.at_DietmarMathis.jpg'><img loading=\"lazy\" decoding=\"async\" width=\"150\" height=\"150\" src=\"https:\/\/www.of-zwischenwasser.at\/wp-content\/uploads\/2019\/09\/2_orf.at_DietmarMathis-150x150.jpg\" class=\"attachment-thumbnail size-thumbnail\" alt=\"(c) Dietmar Mathis \/ orf.at\" \/><\/a>\n\t\t\t<\/dt><\/dl><dl class='gallery-item'>\n\t\t\t<dt class='gallery-icon landscape'>\n\t\t\t\t<a href='https:\/\/www.of-zwischenwasser.at\/wp-content\/uploads\/2019\/09\/3_orf.at_DietmarMathis.jpg'><img loading=\"lazy\" decoding=\"async\" width=\"150\" height=\"150\" src=\"https:\/\/www.of-zwischenwasser.at\/wp-content\/uploads\/2019\/09\/3_orf.at_DietmarMathis-150x150.jpg\" class=\"attachment-thumbnail size-thumbnail\" alt=\"(c) Dietmar Mathis \/ orf.at\" \/><\/a>\n\t\t\t<\/dt><\/dl><br style=\"clear: both\" \/><dl class='gallery-item'>\n\t\t\t<dt class='gallery-icon landscape'>\n\t\t\t\t<a href='https:\/\/www.of-zwischenwasser.at\/wp-content\/uploads\/2019\/09\/4_orf.at_DietmarMathis.jpg'><img loading=\"lazy\" decoding=\"async\" width=\"150\" height=\"150\" src=\"https:\/\/www.of-zwischenwasser.at\/wp-content\/uploads\/2019\/09\/4_orf.at_DietmarMathis-150x150.jpg\" class=\"attachment-thumbnail size-thumbnail\" alt=\"(c) Dietmar Mathis \/ orf.at\" \/><\/a>\n\t\t\t<\/dt><\/dl><dl class='gallery-item'>\n\t\t\t<dt class='gallery-icon landscape'>\n\t\t\t\t<a href='https:\/\/www.of-zwischenwasser.at\/wp-content\/uploads\/2019\/09\/5_orf.at_DietmarMathis.jpg'><img loading=\"lazy\" decoding=\"async\" width=\"150\" height=\"150\" src=\"https:\/\/www.of-zwischenwasser.at\/wp-content\/uploads\/2019\/09\/5_orf.at_DietmarMathis-150x150.jpg\" class=\"attachment-thumbnail size-thumbnail\" alt=\"(c) Dietmar Mathis \/ orf.at\" \/><\/a>\n\t\t\t<\/dt><\/dl><dl class='gallery-item'>\n\t\t\t<dt class='gallery-icon landscape'>\n\t\t\t\t<a href='https:\/\/www.of-zwischenwasser.at\/wp-content\/uploads\/2019\/09\/6_orf.at_DietmarMathis.jpg'><img loading=\"lazy\" decoding=\"async\" width=\"150\" height=\"150\" src=\"https:\/\/www.of-zwischenwasser.at\/wp-content\/uploads\/2019\/09\/6_orf.at_DietmarMathis-150x150.jpg\" class=\"attachment-thumbnail size-thumbnail\" alt=\"(c) Dietmar Mathis \/ orf.at\" \/><\/a>\n\t\t\t<\/dt><\/dl><br style=\"clear: both\" \/>\n\t\t<\/div>\n\n","protected":false},"excerpt":{"rendered":"<p>Einsatz Nr: 21\/2019 Alarmierungszeit: 13.09.2019 06:22 Pagermeldung: f11 RANKWEIL WALGAUSTRA\u00dfE L50 &#8211; WALGAUSTRA\u00dfE Stadel in Vollbrand &#8211; Clublokal Graue W\u00f6lfe Situation: Vergangenen Freitag wurden wir zu einem Geb\u00e4udebrand nach Rankweil alarmiert. Beim Eintreffen am Einsatzort stand der Dachstuhl bereits in &hellip; <a href=\"https:\/\/www.of-zwischenwasser.at\/?p=3638\">Weiterlesen <span class=\"meta-nav\">&rarr;<\/span><\/a><\/p>\n","protected":false},"author":1,"featured_media":0,"comment_status":"closed","ping_status":"closed","sticky":false,"template":"","format":"standard","meta":{"footnotes":""},"categories":[3,409],"tags":[12,124,67,23,355,451],"class_list":["post-3638","post","type-post","status-publish","format-standard","hentry","category-einsatze","category-einsaetze-2019","tag-brand","tag-f11","tag-nachbarschaftliche-hilfeleistung","tag-rankweil","tag-vollbrand","tag-walgaustrasse"],"_links":{"self":[{"href":"https:\/\/www.of-zwischenwasser.at\/index.php?rest_route=\/wp\/v2\/posts\/3638","targetHints":{"allow":["GET"]}}],"collection":[{"href":"https:\/\/www.of-zwischenwasser.at\/index.php?rest_route=\/wp\/v2\/posts"}],"about":[{"href":"https:\/\/www.of-zwischenwasser.at\/index.php?rest_route=\/wp\/v2\/types\/post"}],"author":[{"embeddable":true,"href":"https:\/\/www.of-zwischenwasser.at\/index.php?rest_route=\/wp\/v2\/users\/1"}],"replies":[{"embeddable":true,"href":"https:\/\/www.of-zwischenwasser.at\/index.php?rest_route=%2Fwp%2Fv2%2Fcomments&post=3638"}],"version-history":[{"count":4,"href":"https:\/\/www.of-zwischenwasser.at\/index.php?rest_route=\/wp\/v2\/posts\/3638\/revisions"}],"predecessor-version":[{"id":3686,"href":"https:\/\/www.of-zwischenwasser.at\/index.php?rest_route=\/wp\/v2\/posts\/3638\/revisions\/3686"}],"wp:attachment":[{"href":"https:\/\/www.of-zwischenwasser.at\/index.php?rest_route=%2Fwp%2Fv2%2Fmedia&parent=3638"}],"wp:term":[{"taxonomy":"category","embeddable":true,"href":"https:\/\/www.of-zwischenwasser.at\/index.php?rest_route=%2Fwp%2Fv2%2Fcategories&post=3638"},{"taxonomy":"post_tag","embeddable":true,"href":"https:\/\/www.of-zwischenwasser.at\/index.php?rest_route=%2Fwp%2Fv2%2Ftags&post=3638"}],"curies":[{"name":"wp","href":"https:\/\/api.w.org\/{rel}","templated":true}]}}