{"id":3977,"date":"2020-04-22T20:23:44","date_gmt":"2020-04-22T19:23:44","guid":{"rendered":"https:\/\/www.of-zwischenwasser.at\/?p=3977"},"modified":"2020-04-22T20:31:41","modified_gmt":"2020-04-22T19:31:41","slug":"einsatz-template-14-49","status":"publish","type":"post","link":"https:\/\/www.of-zwischenwasser.at\/?p=3977","title":{"rendered":"Einsatz: Waldbrand Pfarrschrofen, Rankweil"},"content":{"rendered":"<p><strong>Einsatz Nr:<\/strong> 13\/2020<br \/>\n<strong>Alarmierungszeit: <\/strong>21.04.2020 20:52<br \/>\n<strong>Pagermeldung: <\/strong>f4 RANKWEIL PFARRSCHROFEN direkt \u00fcber Bauhof [Waldbrand]<\/p>\n<p><strong>Situation: <\/strong>Am Dienstag Abend wurden wir von der Ortsfeuerwehr Rankweil zu einem Waldbrand nachalarmiert. Im Bereich Pfarrschrofen, s\u00fcdlich der Gastra, war oberhalb einer Felswand Ge\u00e4st in Brand geraten. Die Brandfl\u00e4che erstreckte sich \u00fcber ca. 200 m\u00b2. Beim Eintreffen der OF Zwischenwasser hatten die Kameraden aus Rankweil den Brand bereits unter Kontrolle. Unsere Aufgabe bestand darin, den Hang und die Felswand unterhalb des Brandherdes mit Wasser zu benetzen und so etwaige Glutnester abzul\u00f6schen. Mit zwei C-Rohren und einen mobilen Wasserwerfer f\u00fchrten wir diese Aufgabe aus. Zudem wurde eine Wasserversorgung zu unserem Tankl\u00f6schfahrzeug hergestellt. Gegen 22:30 Uhr konnten wir wieder abr\u00fccken und im Ger\u00e4tehaus die Fahrzeuge wieder aufr\u00fcsten.<!--more--><\/p>\n<p><strong style=\"font-size: inherit;\">Im Einsatz waren:<\/strong><\/p>\n<ul>\n<li>29 Mann\/Frau mit <a href=\"?page_id=3744\">KDOF,<\/a>\u00a0<a title=\"Details zu KRF\" href=\"?page_id=87\">KRF-A<\/a>, <a title=\"Details zu KLF\" href=\"?page_id=88\">KLF-A<\/a>, <a title=\"Details zu TLF\" href=\"?page_id=90\">TLF-A<\/a>, <a title=\"Details zu LFB\" href=\"?page_id=92\">LFB-A<\/a>, <a title=\"Details zu VF\" href=\"?page_id=94\">VF-A<\/a><\/li>\n<li>Feuerwehr Rankweil<\/li>\n<li>Rettungsdienst<\/li>\n<\/ul>\n<p><strong>Medienberichte:<\/strong><\/p>\n<ul>\n<li><a href=\"https:\/\/vorarlberg.orf.at\/stories\/3045182\/\" target=\"_blank\" rel=\"noopener noreferrer\">Brennende \u00c4ste f\u00fchren zu Waldbrand\u00a0(ORF Vorarlberg)<\/a><\/li>\n<\/ul>\n\n\t\t<style type=\"text\/css\">\n\t\t\t#gallery-1 {\n\t\t\t\tmargin: auto;\n\t\t\t}\n\t\t\t#gallery-1 .gallery-item {\n\t\t\t\tfloat: left;\n\t\t\t\tmargin-top: 10px;\n\t\t\t\ttext-align: center;\n\t\t\t\twidth: 33%;\n\t\t\t}\n\t\t\t#gallery-1 img {\n\t\t\t\tborder: 2px solid #cfcfcf;\n\t\t\t}\n\t\t\t#gallery-1 .gallery-caption {\n\t\t\t\tmargin-left: 0;\n\t\t\t}\n\t\t\t\/* see gallery_shortcode() in wp-includes\/media.php *\/\n\t\t<\/style>\n\t\t<div id='gallery-1' class='gallery galleryid-3977 gallery-columns-3 gallery-size-thumbnail'><dl class='gallery-item'>\n\t\t\t<dt class='gallery-icon landscape'>\n\t\t\t\t<a href='https:\/\/www.of-zwischenwasser.at\/wp-content\/uploads\/2020\/04\/OFZW_1.jpg'><img loading=\"lazy\" decoding=\"async\" width=\"150\" height=\"150\" src=\"https:\/\/www.of-zwischenwasser.at\/wp-content\/uploads\/2020\/04\/OFZW_1-150x150.jpg\" class=\"attachment-thumbnail size-thumbnail\" alt=\"\" \/><\/a>\n\t\t\t<\/dt><\/dl><dl class='gallery-item'>\n\t\t\t<dt class='gallery-icon landscape'>\n\t\t\t\t<a href='https:\/\/www.of-zwischenwasser.at\/wp-content\/uploads\/2020\/04\/OFZW_2.jpg'><img loading=\"lazy\" decoding=\"async\" width=\"150\" height=\"150\" src=\"https:\/\/www.of-zwischenwasser.at\/wp-content\/uploads\/2020\/04\/OFZW_2-150x150.jpg\" class=\"attachment-thumbnail size-thumbnail\" alt=\"\" \/><\/a>\n\t\t\t<\/dt><\/dl><dl class='gallery-item'>\n\t\t\t<dt class='gallery-icon landscape'>\n\t\t\t\t<a href='https:\/\/www.of-zwischenwasser.at\/wp-content\/uploads\/2020\/04\/OFZW_3.jpg'><img loading=\"lazy\" decoding=\"async\" width=\"150\" height=\"150\" src=\"https:\/\/www.of-zwischenwasser.at\/wp-content\/uploads\/2020\/04\/OFZW_3-150x150.jpg\" class=\"attachment-thumbnail size-thumbnail\" alt=\"\" \/><\/a>\n\t\t\t<\/dt><\/dl><br style=\"clear: both\" \/><dl class='gallery-item'>\n\t\t\t<dt class='gallery-icon landscape'>\n\t\t\t\t<a href='https:\/\/www.of-zwischenwasser.at\/wp-content\/uploads\/2020\/04\/OFZW_4.jpg'><img loading=\"lazy\" decoding=\"async\" width=\"150\" height=\"150\" src=\"https:\/\/www.of-zwischenwasser.at\/wp-content\/uploads\/2020\/04\/OFZW_4-150x150.jpg\" class=\"attachment-thumbnail size-thumbnail\" alt=\"\" \/><\/a>\n\t\t\t<\/dt><\/dl><dl class='gallery-item'>\n\t\t\t<dt class='gallery-icon landscape'>\n\t\t\t\t<a href='https:\/\/www.of-zwischenwasser.at\/wp-content\/uploads\/2020\/04\/Dietmar_Mathis_vorarlberg.orf_.at_1.jpg'><img loading=\"lazy\" decoding=\"async\" width=\"150\" height=\"150\" src=\"https:\/\/www.of-zwischenwasser.at\/wp-content\/uploads\/2020\/04\/Dietmar_Mathis_vorarlberg.orf_.at_1-150x150.jpg\" class=\"attachment-thumbnail size-thumbnail\" alt=\"(c) Dietmar Mathis \/ vorarlberg.orf.at\" \/><\/a>\n\t\t\t<\/dt><\/dl><dl class='gallery-item'>\n\t\t\t<dt class='gallery-icon landscape'>\n\t\t\t\t<a href='https:\/\/www.of-zwischenwasser.at\/wp-content\/uploads\/2020\/04\/Dietmar_Mathis_vorarlberg.orf_.at_2.jpg'><img loading=\"lazy\" decoding=\"async\" width=\"150\" height=\"150\" src=\"https:\/\/www.of-zwischenwasser.at\/wp-content\/uploads\/2020\/04\/Dietmar_Mathis_vorarlberg.orf_.at_2-150x150.jpg\" class=\"attachment-thumbnail size-thumbnail\" alt=\"(c) Dietmar Mathis \/ vorarlberg.orf.at\" \/><\/a>\n\t\t\t<\/dt><\/dl><br style=\"clear: both\" \/><dl class='gallery-item'>\n\t\t\t<dt class='gallery-icon landscape'>\n\t\t\t\t<a href='https:\/\/www.of-zwischenwasser.at\/wp-content\/uploads\/2020\/04\/Dietmar_Mathis_vorarlberg.orf_.at_4.jpg'><img loading=\"lazy\" decoding=\"async\" width=\"150\" height=\"150\" src=\"https:\/\/www.of-zwischenwasser.at\/wp-content\/uploads\/2020\/04\/Dietmar_Mathis_vorarlberg.orf_.at_4-150x150.jpg\" class=\"attachment-thumbnail size-thumbnail\" alt=\"(c) Dietmar Mathis \/ vorarlberg.orf.at\" \/><\/a>\n\t\t\t<\/dt><\/dl><dl class='gallery-item'>\n\t\t\t<dt class='gallery-icon landscape'>\n\t\t\t\t<a href='https:\/\/www.of-zwischenwasser.at\/wp-content\/uploads\/2020\/04\/Dietmar_Mathis_vorarlberg.orf_.at_5.jpg'><img loading=\"lazy\" decoding=\"async\" width=\"150\" height=\"150\" src=\"https:\/\/www.of-zwischenwasser.at\/wp-content\/uploads\/2020\/04\/Dietmar_Mathis_vorarlberg.orf_.at_5-150x150.jpg\" class=\"attachment-thumbnail size-thumbnail\" alt=\"(c) Dietmar Mathis \/ vorarlberg.orf.at\" \/><\/a>\n\t\t\t<\/dt><\/dl><dl class='gallery-item'>\n\t\t\t<dt class='gallery-icon landscape'>\n\t\t\t\t<a href='https:\/\/www.of-zwischenwasser.at\/wp-content\/uploads\/2020\/04\/Dietmar_Mathis_vorarlberg.orf_.at_3.jpg'><img loading=\"lazy\" decoding=\"async\" width=\"150\" height=\"150\" src=\"https:\/\/www.of-zwischenwasser.at\/wp-content\/uploads\/2020\/04\/Dietmar_Mathis_vorarlberg.orf_.at_3-150x150.jpg\" class=\"attachment-thumbnail size-thumbnail\" alt=\"(c) Dietmar Mathis \/ vorarlberg.orf.at\" \/><\/a>\n\t\t\t<\/dt><\/dl><br style=\"clear: both\" \/>\n\t\t<\/div>\n\n","protected":false},"excerpt":{"rendered":"<p>Einsatz Nr: 13\/2020 Alarmierungszeit: 21.04.2020 20:52 Pagermeldung: f4 RANKWEIL PFARRSCHROFEN direkt \u00fcber Bauhof [Waldbrand] Situation: Am Dienstag Abend wurden wir von der Ortsfeuerwehr Rankweil zu einem Waldbrand nachalarmiert. Im Bereich Pfarrschrofen, s\u00fcdlich der Gastra, war oberhalb einer Felswand Ge\u00e4st in &hellip; <a href=\"https:\/\/www.of-zwischenwasser.at\/?p=3977\">Weiterlesen <span class=\"meta-nav\">&rarr;<\/span><\/a><\/p>\n","protected":false},"author":1,"featured_media":0,"comment_status":"closed","ping_status":"closed","sticky":false,"template":"","format":"standard","meta":{"footnotes":""},"categories":[3,472],"tags":[496,39,494,495,23,121,120],"class_list":["post-3977","post","type-post","status-publish","format-standard","hentry","category-einsatze","category-einsaetze-2020","tag-aeste","tag-f4","tag-gastra","tag-pfarrschrofen","tag-rankweil","tag-wald","tag-waldbrand"],"_links":{"self":[{"href":"https:\/\/www.of-zwischenwasser.at\/index.php?rest_route=\/wp\/v2\/posts\/3977","targetHints":{"allow":["GET"]}}],"collection":[{"href":"https:\/\/www.of-zwischenwasser.at\/index.php?rest_route=\/wp\/v2\/posts"}],"about":[{"href":"https:\/\/www.of-zwischenwasser.at\/index.php?rest_route=\/wp\/v2\/types\/post"}],"author":[{"embeddable":true,"href":"https:\/\/www.of-zwischenwasser.at\/index.php?rest_route=\/wp\/v2\/users\/1"}],"replies":[{"embeddable":true,"href":"https:\/\/www.of-zwischenwasser.at\/index.php?rest_route=%2Fwp%2Fv2%2Fcomments&post=3977"}],"version-history":[{"count":4,"href":"https:\/\/www.of-zwischenwasser.at\/index.php?rest_route=\/wp\/v2\/posts\/3977\/revisions"}],"predecessor-version":[{"id":3998,"href":"https:\/\/www.of-zwischenwasser.at\/index.php?rest_route=\/wp\/v2\/posts\/3977\/revisions\/3998"}],"wp:attachment":[{"href":"https:\/\/www.of-zwischenwasser.at\/index.php?rest_route=%2Fwp%2Fv2%2Fmedia&parent=3977"}],"wp:term":[{"taxonomy":"category","embeddable":true,"href":"https:\/\/www.of-zwischenwasser.at\/index.php?rest_route=%2Fwp%2Fv2%2Fcategories&post=3977"},{"taxonomy":"post_tag","embeddable":true,"href":"https:\/\/www.of-zwischenwasser.at\/index.php?rest_route=%2Fwp%2Fv2%2Ftags&post=3977"}],"curies":[{"name":"wp","href":"https:\/\/api.w.org\/{rel}","templated":true}]}}