{"id":4512,"date":"2022-01-05T15:39:55","date_gmt":"2022-01-05T14:39:55","guid":{"rendered":"https:\/\/www.of-zwischenwasser.at\/?p=4512"},"modified":"2022-01-06T14:48:12","modified_gmt":"2022-01-06T13:48:12","slug":"einsatz-template-14-86","status":"publish","type":"post","link":"https:\/\/www.of-zwischenwasser.at\/?p=4512","title":{"rendered":"Einsatz: Gro\u00dfbrand Kunert-Areal, Rankweil"},"content":{"rendered":"<p><strong>Einsatz Nr:<\/strong> 01\/2022<br \/>\n<strong>Alarmierungszeit:<\/strong> 01.01.2022 00:37<br \/>\n<strong>Pagermeldung:<\/strong> f4,r1 RANKWEIL BREDERIS SCHWEIZER STRA\u00dfE 96 Brand Lagerfl\u00e4che &gt; Geb\u00e4udebrand<\/p>\n<p><strong>Situation:\u00a0<\/strong>In der Silvesternacht entwickelte sich im Kunert Areal in Rankweil-Brederis ein Gro\u00dfbrand. Mehrere Produktions- und Lagerhallen waren betroffen. Die OF Zwischenwasser war im Abschnitt 1 im Einsatz. Neben dem Aussenangriff mit dem Atemschutztrupp des TLF, wurden auch noch zwei weitere Atemschutztrupps f\u00fcr den Innenangriff gestellt. Zudem stellten wir eine Zubringerleitung per TS von Ehbach her und eine weitere Zubringerleitung von einem Hydrant.<\/p>\n<p>Aufgrund der gro\u00dfen Brandlast war es nur schwer m\u00f6glich den Brand unter Kontrolle zu bringen. Nach 7 Stunden am Einsatzort, r\u00fcckte das letzte Fahrzeug der OF Zwischenwasser ab und die Einsatzstelle wurde an die FW Rankweil \u00fcbergeben.<\/p>\n<p>Insgesamt waren 23 Feuerwehren mit 50 Einsatzfahrzeugen und rund 400 Einsatzkr\u00e4ften im Einsatz. Dennoch entstand Sachschaden im Millionenh\u00f6he.<\/p>\n<p><!--more--><strong>Im Einsatz waren:<\/strong><\/p>\n<ul>\n<li>23 Mann\/Frau mit <a href=\"?page_id=3744\">KDOF,<\/a> <a title=\"Details zu KRF\" href=\"?page_id=87\">KRF-A<\/a>, <a title=\"Details zu KLF\" href=\"?page_id=88\">KLF-A<\/a>, <a title=\"Details zu TLF\" href=\"?page_id=90\">TLF-A<\/a>, <a title=\"Details zu LFB\" href=\"?page_id=92\">LFB-A<\/a>, <a title=\"Details zu VF\" href=\"?page_id=94\">VF-A<\/a><\/li>\n<li>OF Rankweil, BTF \u00d6BB Infrastruktur, BTF Hirschmann Automotive, OF Altach, OF Feldkirch-Altenstadt, OF Feldkirch-Gisingen, OF Feldkirch-Stadt, OF Feldkirch-Tosters, OF Feldkirch-Nofels, OF G\u00f6tzis, OF G\u00f6fis, OF Hohenems, OF Koblach, OF Meiningen, OF Sulz, OF R\u00f6this, OF Weiler, OF Lustenau, OF M\u00e4der, OF Bludenz, OF N\u00fcziders, FW \u00dcbersaxen<\/li>\n<li>Rettungsdienst<\/li>\n<li>Polizei<\/li>\n<\/ul>\n<p><strong>Medienberichte:<\/strong><\/p>\n<ul>\n<li>ORF Vorarlberg: <a href=\"https:\/\/vorarlberg.orf.at\/stories\/3136810\/\" target=\"_blank\" rel=\"noopener\">Millionenschaden nach Brand in Rankweil<\/a><\/li>\n<li>Vorarlberg Online: <a href=\"https:\/\/www.vol.at\/grossbrand-im-kunert-areal-in-rankweil\/7245291\" target=\"_blank\" rel=\"noopener\">Gro\u00dfbrand im Kunert-Areal in Rankweil<\/a><\/li>\n<\/ul>\n\n\t\t<style type=\"text\/css\">\n\t\t\t#gallery-1 {\n\t\t\t\tmargin: auto;\n\t\t\t}\n\t\t\t#gallery-1 .gallery-item {\n\t\t\t\tfloat: left;\n\t\t\t\tmargin-top: 10px;\n\t\t\t\ttext-align: center;\n\t\t\t\twidth: 33%;\n\t\t\t}\n\t\t\t#gallery-1 img {\n\t\t\t\tborder: 2px solid #cfcfcf;\n\t\t\t}\n\t\t\t#gallery-1 .gallery-caption {\n\t\t\t\tmargin-left: 0;\n\t\t\t}\n\t\t\t\/* see gallery_shortcode() in wp-includes\/media.php *\/\n\t\t<\/style>\n\t\t<div id='gallery-1' class='gallery galleryid-4512 gallery-columns-3 gallery-size-thumbnail'><dl class='gallery-item'>\n\t\t\t<dt class='gallery-icon landscape'>\n\t\t\t\t<a href='https:\/\/www.of-zwischenwasser.at\/wp-content\/uploads\/2022\/01\/01.jpeg'><img loading=\"lazy\" decoding=\"async\" width=\"150\" height=\"150\" src=\"https:\/\/www.of-zwischenwasser.at\/wp-content\/uploads\/2022\/01\/01-150x150.jpeg\" class=\"attachment-thumbnail size-thumbnail\" alt=\"\" \/><\/a>\n\t\t\t<\/dt><\/dl><dl class='gallery-item'>\n\t\t\t<dt class='gallery-icon landscape'>\n\t\t\t\t<a href='https:\/\/www.of-zwischenwasser.at\/wp-content\/uploads\/2022\/01\/02.jpeg'><img loading=\"lazy\" decoding=\"async\" width=\"150\" height=\"150\" src=\"https:\/\/www.of-zwischenwasser.at\/wp-content\/uploads\/2022\/01\/02-150x150.jpeg\" class=\"attachment-thumbnail size-thumbnail\" alt=\"\" \/><\/a>\n\t\t\t<\/dt><\/dl><dl class='gallery-item'>\n\t\t\t<dt class='gallery-icon portrait'>\n\t\t\t\t<a href='https:\/\/www.of-zwischenwasser.at\/wp-content\/uploads\/2022\/01\/03.jpeg'><img loading=\"lazy\" decoding=\"async\" width=\"150\" height=\"150\" src=\"https:\/\/www.of-zwischenwasser.at\/wp-content\/uploads\/2022\/01\/03-150x150.jpeg\" class=\"attachment-thumbnail size-thumbnail\" alt=\"\" \/><\/a>\n\t\t\t<\/dt><\/dl><br style=\"clear: both\" \/>\n\t\t<\/div>\n\n","protected":false},"excerpt":{"rendered":"<p>Einsatz Nr: 01\/2022 Alarmierungszeit: 01.01.2022 00:37 Pagermeldung: f4,r1 RANKWEIL BREDERIS SCHWEIZER STRA\u00dfE 96 Brand Lagerfl\u00e4che &gt; Geb\u00e4udebrand Situation:\u00a0In der Silvesternacht entwickelte sich im Kunert Areal in Rankweil-Brederis ein Gro\u00dfbrand. Mehrere Produktions- und Lagerhallen waren betroffen. Die OF Zwischenwasser war im &hellip; <a href=\"https:\/\/www.of-zwischenwasser.at\/?p=4512\">Weiterlesen <span class=\"meta-nav\">&rarr;<\/span><\/a><\/p>\n","protected":false},"author":1,"featured_media":0,"comment_status":"closed","ping_status":"closed","sticky":false,"template":"","format":"standard","meta":{"footnotes":""},"categories":[3,588],"tags":[550,39,115,589,572,571,23,355],"class_list":["post-4512","post","type-post","status-publish","format-standard","hentry","category-einsatze","category-einsaetze-2022","tag-brederis","tag-f4","tag-grossbrand","tag-kunert-areal","tag-lagerhalle","tag-nachbarschaftshilfe","tag-rankweil","tag-vollbrand"],"_links":{"self":[{"href":"https:\/\/www.of-zwischenwasser.at\/index.php?rest_route=\/wp\/v2\/posts\/4512","targetHints":{"allow":["GET"]}}],"collection":[{"href":"https:\/\/www.of-zwischenwasser.at\/index.php?rest_route=\/wp\/v2\/posts"}],"about":[{"href":"https:\/\/www.of-zwischenwasser.at\/index.php?rest_route=\/wp\/v2\/types\/post"}],"author":[{"embeddable":true,"href":"https:\/\/www.of-zwischenwasser.at\/index.php?rest_route=\/wp\/v2\/users\/1"}],"replies":[{"embeddable":true,"href":"https:\/\/www.of-zwischenwasser.at\/index.php?rest_route=%2Fwp%2Fv2%2Fcomments&post=4512"}],"version-history":[{"count":3,"href":"https:\/\/www.of-zwischenwasser.at\/index.php?rest_route=\/wp\/v2\/posts\/4512\/revisions"}],"predecessor-version":[{"id":4534,"href":"https:\/\/www.of-zwischenwasser.at\/index.php?rest_route=\/wp\/v2\/posts\/4512\/revisions\/4534"}],"wp:attachment":[{"href":"https:\/\/www.of-zwischenwasser.at\/index.php?rest_route=%2Fwp%2Fv2%2Fmedia&parent=4512"}],"wp:term":[{"taxonomy":"category","embeddable":true,"href":"https:\/\/www.of-zwischenwasser.at\/index.php?rest_route=%2Fwp%2Fv2%2Fcategories&post=4512"},{"taxonomy":"post_tag","embeddable":true,"href":"https:\/\/www.of-zwischenwasser.at\/index.php?rest_route=%2Fwp%2Fv2%2Ftags&post=4512"}],"curies":[{"name":"wp","href":"https:\/\/api.w.org\/{rel}","templated":true}]}}