{"id":4599,"date":"2022-04-03T13:19:52","date_gmt":"2022-04-03T12:19:52","guid":{"rendered":"https:\/\/www.of-zwischenwasser.at\/?p=4599"},"modified":"2022-05-25T12:18:18","modified_gmt":"2022-05-25T11:18:18","slug":"jahreshauptversammlung-2022-berichtsjahr-2021","status":"publish","type":"post","link":"https:\/\/www.of-zwischenwasser.at\/?p=4599","title":{"rendered":"Jahreshauptversammlung 2022 &#8211; Berichtsjahr 2021"},"content":{"rendered":"\n<p>Am Freitag Abend \u2013 18. M\u00e4rz 2022 \u2013 hielt die OF Zwischenwasser ihre Jahreshauptversammlung im Fr\u00f6dischsaal in Muntlix ab. Neben zahlreichen Vertretern der Politik und der umliegenden Feuerwehren, waren auch Vertreter anderer Blaulichtorganisationen anwesend. Von der Ortsfeuerwehr Zwischenwasser waren insgesamt 46 Mitglieder anwesend. Zus\u00e4tzlich war auch die Feuerwehrjugend mit 4 Mitgliedern vertreten. Viele Mitglieder lie\u00dfen sich aufgrund der Covid-19 Pandemie entschuldigen.<br>Der Kommandant Mathias Natter begr\u00fc\u00dfte die Anwesenden G\u00e4ste, alle Mitglieder der Feuerwehr und nat\u00fcrlich auch die Mitglieder der Feuerwehrjugend.<\/p>\n\n\n\n<h2 class=\"wp-block-heading\">Berichte und Probengeschenke<\/h2>\n\n\n\n<p>Es folg folgten die Berichte des Kommandanten, des Kassiers und der Feuerwehrjugend. Zudem hatten 14 Kameraden, im Jahr 2021, das Probensoll erreicht und bekamen einen Wanderrucksack als Probengeschenk \u00fcberreicht. Auch die Mitglieder der Jugendfeuerwehr bekamen ein Probengeschenk von den Jugendbetreuern \u00fcberreicht. <\/p>\n\n\n\n<h2 class=\"wp-block-heading\">Ehrungen<\/h2>\n\n\n\n<p>An diesem Abend konnten zahlreiche Kameraden f\u00fcr ihre langj\u00e4hrige Mitgliedschaft geehrt werden. Da 2021 keine Jahreshauptversammlung abgehalten werden konnte, wurden an diesem Abend auch die Ehrungen f\u00fcr das Berichtsjahr 2020 nachgeholt:<\/p>\n\n\n\n<h4 class=\"wp-block-heading\"><em>Ehrungen f\u00fcr 25-j\u00e4hrige Mitgliedschaft:<\/em><\/h4>\n\n\n\n<ul class=\"wp-block-list\"><li>Tobias Matt<\/li><li>Samuel T\u00fcrtscher<\/li><li>Christian Matt<\/li><\/ul>\n\n\n\n<h4 class=\"wp-block-heading\"><em>Ehrungen f\u00fcr 40-j\u00e4hrige Mitgliedschaft:<\/em><\/h4>\n\n\n\n<ul class=\"wp-block-list\"><li>Reinhard Bickel<\/li><li>Wilhelm Bickel<\/li><li>Artur Marte<\/li><li>Ewald Marte<\/li><\/ul>\n\n\n\n<h4 class=\"wp-block-heading\"><em>Ehrungen f\u00fcr 50-j\u00e4hrige Mitgliedschaft:<\/em><\/h4>\n\n\n\n<ul class=\"wp-block-list\"><li>Herbert Marte<\/li><li>Franz M\u00fcller<\/li><li>Alois Rheinberger<\/li><li>Harald B\u00f6ckle<\/li><li>Martin Mathis<\/li><li>Werner Schnetzer<\/li><\/ul>\n\n\n\n<h4 class=\"wp-block-heading\"><em>Ehrungen f\u00fcr 60-j\u00e4hrige Mitgliedschaft:<\/em><\/h4>\n\n\n\n<ul class=\"wp-block-list\"><li>Adalbert Furxer<\/li><li>Klemens Mathis<\/li><\/ul>\n\n\n\n<h4 class=\"wp-block-heading\">Ernennung zum Ehrenmitglied der OF Zwischenwasser<\/h4>\n\n\n\n<p>An diesem Abend konnte auch Wilhelm Bickel die Ehrenmitgliedschaft der OF Zwischenwasser \u00fcberreicht werden. Der Kommandant hob die zahlreichen Leistungen die Willi in seiner FW Karriere aufzuweisen hatte heraus. Willi bekam die Ehrenmitgliedschaft anhand einer Urkunde \u00fcberreicht.<\/p>\n\n\n\n<h2 class=\"wp-block-heading\">Kommandaten Wahl<\/h2>\n\n\n\n<p>Ein weiterer Punkt auf der Tagesordnung war die Wahl des Kommandanten. Mathias Natter stellte sich der Wahl und die anwesenden Mitglieder best\u00e4tigten Mathias in seinem Amt mit einer \u00fcberragenden Mehrheit.<\/p>\n\n\n\n<p>Mit den Gru\u00dfworten zahlreicher G\u00e4ste und den Schlu\u00dfworten von Kommandant Mathias Natter wurde die Versammlung mit dem Wahlspruch \u201eGott zur Ehr dem N\u00e4chsten zur Wehr\u201c geschlossen.<\/p>\n\n\n\n<p>Berichte und Niederschrift zum Download:<\/p>\n\n\n\n<ul class=\"wp-block-list\"><li><a rel=\"noreferrer noopener\" href=\"https:\/\/www.of-zwischenwasser.at\/wp-content\/uploads\/2022\/04\/Bericht_Kommandant_JHV2022_BJ2021.pdf\" target=\"_blank\">Bericht des Kommandanten<\/a><\/li><li><a rel=\"noreferrer noopener\" href=\"https:\/\/www.of-zwischenwasser.at\/wp-content\/uploads\/2022\/04\/Bericht_Feuerwehrjugend_JHV2022_BJ2021.pdf\" target=\"_blank\">Bericht der Feuerwehrjugend<\/a><\/li><li><a rel=\"noreferrer noopener\" href=\"https:\/\/www.of-zwischenwasser.at\/wp-content\/uploads\/2022\/04\/Protokoll_JHV2022_BJ2021.pdf\" target=\"_blank\">Niederschrift Jahreshauptversammlung 2022 \/ Berichtsjahr 2021<\/a><\/li><\/ul>\n","protected":false},"excerpt":{"rendered":"<p>Am Freitag Abend \u2013 18. M\u00e4rz 2022 \u2013 hielt die OF Zwischenwasser ihre Jahreshauptversammlung im Fr\u00f6dischsaal in Muntlix ab. Neben zahlreichen Vertretern der Politik und der umliegenden Feuerwehren, waren auch Vertreter anderer Blaulichtorganisationen anwesend. Von der Ortsfeuerwehr Zwischenwasser waren insgesamt &hellip; <a href=\"https:\/\/www.of-zwischenwasser.at\/?p=4599\">Weiterlesen <span class=\"meta-nav\">&rarr;<\/span><\/a><\/p>\n","protected":false},"author":1,"featured_media":0,"comment_status":"closed","ping_status":"closed","sticky":false,"template":"","format":"standard","meta":{"footnotes":""},"categories":[64],"tags":[152,151,598],"class_list":["post-4599","post","type-post","status-publish","format-standard","hentry","category-veranstaltungen","tag-jahreshauptversammlung","tag-jhv","tag-jhv-2022"],"_links":{"self":[{"href":"https:\/\/www.of-zwischenwasser.at\/index.php?rest_route=\/wp\/v2\/posts\/4599","targetHints":{"allow":["GET"]}}],"collection":[{"href":"https:\/\/www.of-zwischenwasser.at\/index.php?rest_route=\/wp\/v2\/posts"}],"about":[{"href":"https:\/\/www.of-zwischenwasser.at\/index.php?rest_route=\/wp\/v2\/types\/post"}],"author":[{"embeddable":true,"href":"https:\/\/www.of-zwischenwasser.at\/index.php?rest_route=\/wp\/v2\/users\/1"}],"replies":[{"embeddable":true,"href":"https:\/\/www.of-zwischenwasser.at\/index.php?rest_route=%2Fwp%2Fv2%2Fcomments&post=4599"}],"version-history":[{"count":1,"href":"https:\/\/www.of-zwischenwasser.at\/index.php?rest_route=\/wp\/v2\/posts\/4599\/revisions"}],"predecessor-version":[{"id":4603,"href":"https:\/\/www.of-zwischenwasser.at\/index.php?rest_route=\/wp\/v2\/posts\/4599\/revisions\/4603"}],"wp:attachment":[{"href":"https:\/\/www.of-zwischenwasser.at\/index.php?rest_route=%2Fwp%2Fv2%2Fmedia&parent=4599"}],"wp:term":[{"taxonomy":"category","embeddable":true,"href":"https:\/\/www.of-zwischenwasser.at\/index.php?rest_route=%2Fwp%2Fv2%2Fcategories&post=4599"},{"taxonomy":"post_tag","embeddable":true,"href":"https:\/\/www.of-zwischenwasser.at\/index.php?rest_route=%2Fwp%2Fv2%2Ftags&post=4599"}],"curies":[{"name":"wp","href":"https:\/\/api.w.org\/{rel}","templated":true}]}}