{"id":4869,"date":"2023-03-12T15:33:11","date_gmt":"2023-03-12T14:33:11","guid":{"rendered":"https:\/\/www.of-zwischenwasser.at\/?p=4869"},"modified":"2023-03-12T15:33:11","modified_gmt":"2023-03-12T14:33:11","slug":"einsatz-template-14-101","status":"publish","type":"post","link":"https:\/\/www.of-zwischenwasser.at\/?p=4869","title":{"rendered":"Einsatz: Baum verlegt Dafinser Stra\u00dfe, Dafins"},"content":{"rendered":"<p><strong>Einsatz Nr:<\/strong> 02\/2023<br \/>\n<strong>Alarmierungszeit:<\/strong> 10.03.2023 17:52<br \/>\n<strong>Pagermeldung:<\/strong> t1 ZWISCHENWASSER L71 &#8211; DAFINSER STRA\u00dfE\u00a0\/ h\u00f6he Ortstafel [Baum verlegt Stra\u00dfe]<\/p>\n<p><strong>Situation:<\/strong> In folge von starken Windb\u00f6en, wurde am fr\u00fchen Freitag Abend, ein Baum zum Umst\u00fcrzen gebracht. Der Baum verlegte am Ortsanfang von Dafins die L71 &#8211; Dafinser Stra\u00dfe. Kameraden aus Muntlix und Dafins machten sich auf zum Einsatzort. Dort angekommen konnte der Baum mit Hilfe der Kettens\u00e4ge zerkleinert und von der Stra\u00dfe geschafft werden. Anschlie\u00dfend konnte die Stra\u00dfe f\u00fcr den Verkehr wieder freigegeben werden.<\/p>\n<p><!--more--><strong>Im Einsatz waren:<\/strong><\/p>\n<ul>\n<li>13 Mann\/Frau mit <a href=\"?page_id=3744\">KDOF,<\/a> <a title=\"Details zu KRF\" href=\"?page_id=87\">KRF-A<\/a>, <a title=\"Details zu LFB\" href=\"?page_id=92\">LFB-A<\/a><\/li>\n<\/ul>\n\n\t\t<style type=\"text\/css\">\n\t\t\t#gallery-1 {\n\t\t\t\tmargin: auto;\n\t\t\t}\n\t\t\t#gallery-1 .gallery-item {\n\t\t\t\tfloat: left;\n\t\t\t\tmargin-top: 10px;\n\t\t\t\ttext-align: center;\n\t\t\t\twidth: 33%;\n\t\t\t}\n\t\t\t#gallery-1 img {\n\t\t\t\tborder: 2px solid #cfcfcf;\n\t\t\t}\n\t\t\t#gallery-1 .gallery-caption {\n\t\t\t\tmargin-left: 0;\n\t\t\t}\n\t\t\t\/* see gallery_shortcode() in wp-includes\/media.php *\/\n\t\t<\/style>\n\t\t<div id='gallery-1' class='gallery galleryid-4869 gallery-columns-3 gallery-size-thumbnail'><dl class='gallery-item'>\n\t\t\t<dt class='gallery-icon landscape'>\n\t\t\t\t<a href='https:\/\/www.of-zwischenwasser.at\/wp-content\/uploads\/2023\/03\/20230310_180421.jpg'><img loading=\"lazy\" decoding=\"async\" width=\"150\" height=\"150\" src=\"https:\/\/www.of-zwischenwasser.at\/wp-content\/uploads\/2023\/03\/20230310_180421-150x150.jpg\" class=\"attachment-thumbnail size-thumbnail\" alt=\"\" \/><\/a>\n\t\t\t<\/dt><\/dl><dl class='gallery-item'>\n\t\t\t<dt class='gallery-icon landscape'>\n\t\t\t\t<a href='https:\/\/www.of-zwischenwasser.at\/wp-content\/uploads\/2023\/03\/20230310_181903.jpg'><img loading=\"lazy\" decoding=\"async\" width=\"150\" height=\"150\" src=\"https:\/\/www.of-zwischenwasser.at\/wp-content\/uploads\/2023\/03\/20230310_181903-150x150.jpg\" class=\"attachment-thumbnail size-thumbnail\" alt=\"\" \/><\/a>\n\t\t\t<\/dt><\/dl>\n\t\t\t<br style='clear: both' \/>\n\t\t<\/div>\n\n","protected":false},"excerpt":{"rendered":"<p>Einsatz Nr: 02\/2023 Alarmierungszeit: 10.03.2023 17:52 Pagermeldung: t1 ZWISCHENWASSER L71 &#8211; DAFINSER STRA\u00dfE\u00a0\/ h\u00f6he Ortstafel [Baum verlegt Stra\u00dfe] Situation: In folge von starken Windb\u00f6en, wurde am fr\u00fchen Freitag Abend, ein Baum zum Umst\u00fcrzen gebracht. Der Baum verlegte am Ortsanfang von &hellip; <a href=\"https:\/\/www.of-zwischenwasser.at\/?p=4869\">Weiterlesen <span class=\"meta-nav\">&rarr;<\/span><\/a><\/p>\n","protected":false},"author":1,"featured_media":0,"comment_status":"closed","ping_status":"closed","sticky":false,"template":"","format":"standard","meta":{"footnotes":""},"categories":[3,634],"tags":[135,535,383,635,443,401],"class_list":["post-4869","post","type-post","status-publish","format-standard","hentry","category-einsatze","category-einsaetze-2023","tag-baum","tag-baum-verlegt-strasse","tag-dafinserstrasse","tag-l71","tag-t1","tag-windwurf"],"_links":{"self":[{"href":"https:\/\/www.of-zwischenwasser.at\/index.php?rest_route=\/wp\/v2\/posts\/4869","targetHints":{"allow":["GET"]}}],"collection":[{"href":"https:\/\/www.of-zwischenwasser.at\/index.php?rest_route=\/wp\/v2\/posts"}],"about":[{"href":"https:\/\/www.of-zwischenwasser.at\/index.php?rest_route=\/wp\/v2\/types\/post"}],"author":[{"embeddable":true,"href":"https:\/\/www.of-zwischenwasser.at\/index.php?rest_route=\/wp\/v2\/users\/1"}],"replies":[{"embeddable":true,"href":"https:\/\/www.of-zwischenwasser.at\/index.php?rest_route=%2Fwp%2Fv2%2Fcomments&post=4869"}],"version-history":[{"count":1,"href":"https:\/\/www.of-zwischenwasser.at\/index.php?rest_route=\/wp\/v2\/posts\/4869\/revisions"}],"predecessor-version":[{"id":4875,"href":"https:\/\/www.of-zwischenwasser.at\/index.php?rest_route=\/wp\/v2\/posts\/4869\/revisions\/4875"}],"wp:attachment":[{"href":"https:\/\/www.of-zwischenwasser.at\/index.php?rest_route=%2Fwp%2Fv2%2Fmedia&parent=4869"}],"wp:term":[{"taxonomy":"category","embeddable":true,"href":"https:\/\/www.of-zwischenwasser.at\/index.php?rest_route=%2Fwp%2Fv2%2Fcategories&post=4869"},{"taxonomy":"post_tag","embeddable":true,"href":"https:\/\/www.of-zwischenwasser.at\/index.php?rest_route=%2Fwp%2Fv2%2Ftags&post=4869"}],"curies":[{"name":"wp","href":"https:\/\/api.w.org\/{rel}","templated":true}]}}