{"id":4870,"date":"2023-04-01T18:26:01","date_gmt":"2023-04-01T17:26:01","guid":{"rendered":"https:\/\/www.of-zwischenwasser.at\/?p=4870"},"modified":"2023-04-01T20:00:33","modified_gmt":"2023-04-01T19:00:33","slug":"einsatz-template-14-103","status":"publish","type":"post","link":"https:\/\/www.of-zwischenwasser.at\/?p=4870","title":{"rendered":"Einsatz: Baum auf Dafinserstra\u00dfe gest\u00fcrzt, Wanne"},"content":{"rendered":"<p><strong>Einsatz Nr:<\/strong> 04\/2023<br \/>\n<strong>Alarmierungszeit:<\/strong> 26.03.2023 17:53<br \/>\n<strong>Pagermeldung:<\/strong> t1 ZWISCHENWASSER L71 &#8211; DAFINSER STRA\u00dfE\u00a0H\u00f6he Ortsteil Wanne &gt; Baum verlegt Stra\u00dfe<\/p>\n<p><strong>Situation:<\/strong> Am fr\u00fchen Mittwoch Abend wurden wir per Pager in den Ortsteil Wanne alarmiert. Dort verlegte ein Baum die L71 &#8211; Dafinserstra\u00dfe. Mit Hilfe der Kettens\u00e4ge konnte der Baum zerteilt und die Stra\u00dfe frei gemacht werden. Kurz nach diesem Einsatz wurden wir in die Hauptstra\u00dfe alarmiert. Dort war ein Bauzaun umgest\u00fcrzt und lag auf der Stra\u00dfe. Die KLF Mannschafft konnte den Bauzaun rasch wieder aufstellen und somit war auch diese Einsatzstelle erledigt.<\/p>\n<p><!--more--><strong>Im Einsatz waren:<\/strong><\/p>\n<ul>\n<li>16 Mann\/Frau mit<a title=\"Details zu KRF\" href=\"?page_id=87\">KRF-A<\/a>, <a title=\"Details zu KLF\" href=\"?page_id=88\">KLF-A<\/a>, <a title=\"Details zu LFB\" href=\"?page_id=92\">LFB-A<\/a><\/li>\n<\/ul>\n\n\t\t<style type=\"text\/css\">\n\t\t\t#gallery-1 {\n\t\t\t\tmargin: auto;\n\t\t\t}\n\t\t\t#gallery-1 .gallery-item {\n\t\t\t\tfloat: left;\n\t\t\t\tmargin-top: 10px;\n\t\t\t\ttext-align: center;\n\t\t\t\twidth: 33%;\n\t\t\t}\n\t\t\t#gallery-1 img {\n\t\t\t\tborder: 2px solid #cfcfcf;\n\t\t\t}\n\t\t\t#gallery-1 .gallery-caption {\n\t\t\t\tmargin-left: 0;\n\t\t\t}\n\t\t\t\/* see gallery_shortcode() in wp-includes\/media.php *\/\n\t\t<\/style>\n\t\t<div id='gallery-1' class='gallery galleryid-4870 gallery-columns-3 gallery-size-thumbnail'><dl class='gallery-item'>\n\t\t\t<dt class='gallery-icon landscape'>\n\t\t\t\t<a href='https:\/\/www.of-zwischenwasser.at\/wp-content\/uploads\/2023\/04\/11.jpg'><img loading=\"lazy\" decoding=\"async\" width=\"150\" height=\"150\" src=\"https:\/\/www.of-zwischenwasser.at\/wp-content\/uploads\/2023\/04\/11-150x150.jpg\" class=\"attachment-thumbnail size-thumbnail\" alt=\"\" \/><\/a>\n\t\t\t<\/dt><\/dl><dl class='gallery-item'>\n\t\t\t<dt class='gallery-icon landscape'>\n\t\t\t\t<a href='https:\/\/www.of-zwischenwasser.at\/wp-content\/uploads\/2023\/04\/12.jpg'><img loading=\"lazy\" decoding=\"async\" width=\"150\" height=\"150\" src=\"https:\/\/www.of-zwischenwasser.at\/wp-content\/uploads\/2023\/04\/12-150x150.jpg\" class=\"attachment-thumbnail size-thumbnail\" alt=\"\" \/><\/a>\n\t\t\t<\/dt><\/dl><dl class='gallery-item'>\n\t\t\t<dt class='gallery-icon portrait'>\n\t\t\t\t<a href='https:\/\/www.of-zwischenwasser.at\/wp-content\/uploads\/2023\/04\/21.jpg'><img loading=\"lazy\" decoding=\"async\" width=\"150\" height=\"150\" src=\"https:\/\/www.of-zwischenwasser.at\/wp-content\/uploads\/2023\/04\/21-150x150.jpg\" class=\"attachment-thumbnail size-thumbnail\" alt=\"\" \/><\/a>\n\t\t\t<\/dt><\/dl><br style=\"clear: both\" \/><dl class='gallery-item'>\n\t\t\t<dt class='gallery-icon landscape'>\n\t\t\t\t<a href='https:\/\/www.of-zwischenwasser.at\/wp-content\/uploads\/2023\/04\/22.jpg'><img loading=\"lazy\" decoding=\"async\" width=\"150\" height=\"150\" src=\"https:\/\/www.of-zwischenwasser.at\/wp-content\/uploads\/2023\/04\/22-150x150.jpg\" class=\"attachment-thumbnail size-thumbnail\" alt=\"\" \/><\/a>\n\t\t\t<\/dt><\/dl>\n\t\t\t<br style='clear: both' \/>\n\t\t<\/div>\n\n","protected":false},"excerpt":{"rendered":"<p>Einsatz Nr: 04\/2023 Alarmierungszeit: 26.03.2023 17:53 Pagermeldung: t1 ZWISCHENWASSER L71 &#8211; DAFINSER STRA\u00dfE\u00a0H\u00f6he Ortsteil Wanne &gt; Baum verlegt Stra\u00dfe Situation: Am fr\u00fchen Mittwoch Abend wurden wir per Pager in den Ortsteil Wanne alarmiert. Dort verlegte ein Baum die L71 &#8211; &hellip; <a href=\"https:\/\/www.of-zwischenwasser.at\/?p=4870\">Weiterlesen <span class=\"meta-nav\">&rarr;<\/span><\/a><\/p>\n","protected":false},"author":1,"featured_media":0,"comment_status":"closed","ping_status":"closed","sticky":false,"template":"","format":"standard","meta":{"footnotes":""},"categories":[3,634],"tags":[135,637,576,443,546,401],"class_list":["post-4870","post","type-post","status-publish","format-standard","hentry","category-einsatze","category-einsaetze-2023","tag-baum","tag-bauzaun","tag-dafinserstrasse-2","tag-t1","tag-wanne","tag-windwurf"],"_links":{"self":[{"href":"https:\/\/www.of-zwischenwasser.at\/index.php?rest_route=\/wp\/v2\/posts\/4870","targetHints":{"allow":["GET"]}}],"collection":[{"href":"https:\/\/www.of-zwischenwasser.at\/index.php?rest_route=\/wp\/v2\/posts"}],"about":[{"href":"https:\/\/www.of-zwischenwasser.at\/index.php?rest_route=\/wp\/v2\/types\/post"}],"author":[{"embeddable":true,"href":"https:\/\/www.of-zwischenwasser.at\/index.php?rest_route=\/wp\/v2\/users\/1"}],"replies":[{"embeddable":true,"href":"https:\/\/www.of-zwischenwasser.at\/index.php?rest_route=%2Fwp%2Fv2%2Fcomments&post=4870"}],"version-history":[{"count":1,"href":"https:\/\/www.of-zwischenwasser.at\/index.php?rest_route=\/wp\/v2\/posts\/4870\/revisions"}],"predecessor-version":[{"id":4891,"href":"https:\/\/www.of-zwischenwasser.at\/index.php?rest_route=\/wp\/v2\/posts\/4870\/revisions\/4891"}],"wp:attachment":[{"href":"https:\/\/www.of-zwischenwasser.at\/index.php?rest_route=%2Fwp%2Fv2%2Fmedia&parent=4870"}],"wp:term":[{"taxonomy":"category","embeddable":true,"href":"https:\/\/www.of-zwischenwasser.at\/index.php?rest_route=%2Fwp%2Fv2%2Fcategories&post=4870"},{"taxonomy":"post_tag","embeddable":true,"href":"https:\/\/www.of-zwischenwasser.at\/index.php?rest_route=%2Fwp%2Fv2%2Ftags&post=4870"}],"curies":[{"name":"wp","href":"https:\/\/api.w.org\/{rel}","templated":true}]}}