{"id":5070,"date":"2023-10-11T20:09:17","date_gmt":"2023-10-11T19:09:17","guid":{"rendered":"https:\/\/www.of-zwischenwasser.at\/?p=5070"},"modified":"2023-10-11T20:09:17","modified_gmt":"2023-10-11T19:09:17","slug":"einsatz-template-14-130","status":"publish","type":"post","link":"https:\/\/www.of-zwischenwasser.at\/?p=5070","title":{"rendered":"Einsatz: Brand in Mastbetrieb, Rankweil"},"content":{"rendered":"<p><strong>Einsatz Nr:<\/strong> 31\/2023<br \/>\n<strong>Alarmierungszeit:\u00a0<\/strong>28.09.2023 01:01<br \/>\n<strong>Pagermeldung:<\/strong> f4 RANKWEIL GRO\u00dfFELDWEG XX mastbetrieb XXX\u00a0\/ [Stall Geb\u00e4ude Gro\u00dfbrand]<\/p>\n<p><strong>Situation:<\/strong> In einem Mastbetrieb in Rankweil, war in der Nacht zum 28. September ein Brand, in einer h\u00f6lzernen Trennwand ausgebrochen. Der Brand drohte im Dachbereich auf den Stalltrakt \u00fcberzugreifen. Aufgrund der raschen und gezielten Brandbek\u00e4mpfung, mit mehreren Atemschutztrupps, sowie der Drehleiter <span style=\"font-weight: 300;\">Feldkirch-Stadt und dem Steiger der OF G\u00f6tzis, konnte ein \u00dcbergreifen des Brandes erfolgreich verhindert werden. Durch die OF Rankweil wurde eine Brandwache eingerichtet und somit war der Einsatz f\u00fcr die OF Zwischenwasser um ca. halb vier Morgens beendet.<\/span><\/p>\n<p><!--more--><strong>Im Einsatz waren:<\/strong><\/p>\n<ul>\n<li>23 Mann\/Frau mit <a href=\"?page_id=3744\">KDOF,<\/a> <a title=\"Details zu KLF\" href=\"?page_id=88\">KLF-A<\/a>, <a title=\"Details zu TLF\" href=\"?page_id=90\">TLF-A<\/a>, <a title=\"Details zu LFB\" href=\"?page_id=92\">LFB-A<\/a><\/li>\n<li>OF Rankweil, OF Feldkirch-Stadt, OF G\u00f6tzis, OF M\u00e4der, OF Meiningen<\/li>\n<li>Rettungsdienst<\/li>\n<li>Polizei<\/li>\n<\/ul>\n<p><strong>Medienberichte:<\/strong><\/p>\n<ul>\n<li>ORF Vorarlberg: <a href=\"https:\/\/vorarlberg.orf.at\/stories\/3225993\/\" target=\"_blank\" rel=\"noopener\">Brand in Mastbetrieb in Rankweil<\/a><\/li>\n<li>ORF Vorarlberg: <a href=\"https:\/\/vorarlberg.orf.at\/stories\/3226187\/\" target=\"_blank\" rel=\"noopener\">Feuer in Mastbetrieb: Brandursache steht fest<\/a><\/li>\n<\/ul>\n<p><em>Zu diesem Einsatz sind leider keine Fotos verf\u00fcgbar!<\/em><\/p>\n","protected":false},"excerpt":{"rendered":"<p>Einsatz Nr: 31\/2023 Alarmierungszeit:\u00a028.09.2023 01:01 Pagermeldung: f4 RANKWEIL GRO\u00dfFELDWEG XX mastbetrieb XXX\u00a0\/ [Stall Geb\u00e4ude Gro\u00dfbrand] Situation: In einem Mastbetrieb in Rankweil, war in der Nacht zum 28. September ein Brand, in einer h\u00f6lzernen Trennwand ausgebrochen. Der Brand drohte im Dachbereich &hellip; <a href=\"https:\/\/www.of-zwischenwasser.at\/?p=5070\">Weiterlesen <span class=\"meta-nav\">&rarr;<\/span><\/a><\/p>\n","protected":false},"author":1,"featured_media":0,"comment_status":"closed","ping_status":"closed","sticky":false,"template":"","format":"standard","meta":{"footnotes":""},"categories":[3,634],"tags":[12,39,669,668,67,23,661],"class_list":["post-5070","post","type-post","status-publish","format-standard","hentry","category-einsatze","category-einsaetze-2023","tag-brand","tag-f4","tag-gebaeudebrand","tag-mastbetrieb","tag-nachbarschaftliche-hilfeleistung","tag-rankweil","tag-stallgebaeude"],"_links":{"self":[{"href":"https:\/\/www.of-zwischenwasser.at\/index.php?rest_route=\/wp\/v2\/posts\/5070","targetHints":{"allow":["GET"]}}],"collection":[{"href":"https:\/\/www.of-zwischenwasser.at\/index.php?rest_route=\/wp\/v2\/posts"}],"about":[{"href":"https:\/\/www.of-zwischenwasser.at\/index.php?rest_route=\/wp\/v2\/types\/post"}],"author":[{"embeddable":true,"href":"https:\/\/www.of-zwischenwasser.at\/index.php?rest_route=\/wp\/v2\/users\/1"}],"replies":[{"embeddable":true,"href":"https:\/\/www.of-zwischenwasser.at\/index.php?rest_route=%2Fwp%2Fv2%2Fcomments&post=5070"}],"version-history":[{"count":1,"href":"https:\/\/www.of-zwischenwasser.at\/index.php?rest_route=\/wp\/v2\/posts\/5070\/revisions"}],"predecessor-version":[{"id":5092,"href":"https:\/\/www.of-zwischenwasser.at\/index.php?rest_route=\/wp\/v2\/posts\/5070\/revisions\/5092"}],"wp:attachment":[{"href":"https:\/\/www.of-zwischenwasser.at\/index.php?rest_route=%2Fwp%2Fv2%2Fmedia&parent=5070"}],"wp:term":[{"taxonomy":"category","embeddable":true,"href":"https:\/\/www.of-zwischenwasser.at\/index.php?rest_route=%2Fwp%2Fv2%2Fcategories&post=5070"},{"taxonomy":"post_tag","embeddable":true,"href":"https:\/\/www.of-zwischenwasser.at\/index.php?rest_route=%2Fwp%2Fv2%2Ftags&post=5070"}],"curies":[{"name":"wp","href":"https:\/\/api.w.org\/{rel}","templated":true}]}}