{"id":5350,"date":"2024-07-15T19:13:46","date_gmt":"2024-07-15T18:13:46","guid":{"rendered":"https:\/\/www.of-zwischenwasser.at\/?p=5350"},"modified":"2024-07-15T19:14:41","modified_gmt":"2024-07-15T18:14:41","slug":"einsatz-template-14-142","status":"publish","type":"post","link":"https:\/\/www.of-zwischenwasser.at\/?p=5350","title":{"rendered":"Einsatz: VW Bus \u00fcber steiles Gel\u00e4nde abgest\u00fcrzt, Wengen"},"content":{"rendered":"<p><strong>Einsatz Nr:<\/strong> 08\/2024<br \/>\n<strong>Alarmierungszeit:<\/strong> 11.07.2024 10:32<br \/>\n<strong>Pagermeldung:<\/strong> t3 ZWISCHENWASSER WENGEN L51 km 5.8 [V.U.\/MIT VERLETZUNG] PKW in Tobel &gt; n\u00e4heres nicht bekannt<\/p>\n<p><strong>Situation:<\/strong> Am Donnerstagvormittag geriet ein Mann mit seinem VW-Bus \u00fcber den Fahrbahnrand der Laternserstra\u00dfe im Bereich Wengen. Das Auto \u00fcberschlug sich mehrfach und wurde ca. 100 Meter unter der Stra\u00dfe durch B\u00e4ume gestoppt. Der Fahrer konnte sich noch aus dem Auto befreien, war aber schwer verletzt. Aufgrund des sehr steilen Gel\u00e4ndes wurde auch die Bergrettung alarmiert und auch die Feuerwehr Rankweil war zur Bergung des Unfallfahrzeuges mit alarmiert worden.<\/p>\n<p>Vorort wurde zuerst der Brandschutz aufgebaut. Anschlie\u00dfend unterst\u00fctzen wir die Bergrettung beim Abtransport des Verletzten. Dieser konnte oberhalb des Waldst\u00fcckes durch den Notarzthubschrauber per Tau abtransportiert werden. Nachdem das Unfallopfer abtransportiert worden war, konnte das Unfallfahrzeug geborgen werden. Nach gut drei Stunden konnten die Einsatzkr\u00e4fte wieder ins Ger\u00e4tehaus einr\u00fccken und der Einsatz war abgeschlossen.<\/p>\n<p><!--more--><strong>Im Einsatz waren:<\/strong><\/p>\n<ul>\n<li>13 Mann\/Frau mit <a href=\"?page_id=3744\">KDOF,<\/a> <a title=\"Details zu LFB\" href=\"?page_id=92\">LFB-A<\/a>, <a title=\"Details zu VF\" href=\"?page_id=94\">VF-A<\/a><\/li>\n<li>FW Rankweil<\/li>\n<li>Rettungsdienst und \u00d6AMTC Notarzthubschrauber<\/li>\n<li>Bergrettung<\/li>\n<li>Polizei<\/li>\n<\/ul>\n<p><strong>Medienberichte:<\/strong><\/p>\n<ul>\n<li>ORF Vorarlberg: <a href=\"https:\/\/vorarlberg.orf.at\/stories\/3264739\/\" target=\"_blank\" rel=\"noopener\">Auto st\u00fcrzt in Tobel \u2013 schwierige Rettung<\/a><\/li>\n<\/ul>\n\n\t\t<style type=\"text\/css\">\n\t\t\t#gallery-1 {\n\t\t\t\tmargin: auto;\n\t\t\t}\n\t\t\t#gallery-1 .gallery-item {\n\t\t\t\tfloat: left;\n\t\t\t\tmargin-top: 10px;\n\t\t\t\ttext-align: center;\n\t\t\t\twidth: 33%;\n\t\t\t}\n\t\t\t#gallery-1 img {\n\t\t\t\tborder: 2px solid #cfcfcf;\n\t\t\t}\n\t\t\t#gallery-1 .gallery-caption {\n\t\t\t\tmargin-left: 0;\n\t\t\t}\n\t\t\t\/* see gallery_shortcode() in wp-includes\/media.php *\/\n\t\t<\/style>\n\t\t<div id='gallery-1' class='gallery galleryid-5350 gallery-columns-3 gallery-size-thumbnail'><dl class='gallery-item'>\n\t\t\t<dt class='gallery-icon landscape'>\n\t\t\t\t<a href='https:\/\/www.of-zwischenwasser.at\/wp-content\/uploads\/2024\/07\/2275503_bigpicture_865657_vu_zwischenw_pkw_abgest83a.jpg'><img loading=\"lazy\" decoding=\"async\" width=\"150\" height=\"150\" src=\"https:\/\/www.of-zwischenwasser.at\/wp-content\/uploads\/2024\/07\/2275503_bigpicture_865657_vu_zwischenw_pkw_abgest83a-150x150.jpg\" class=\"attachment-thumbnail size-thumbnail\" alt=\"(c) Mathis Fotografie \/ vorarlberg.orf.at\" \/><\/a>\n\t\t\t<\/dt><\/dl><dl class='gallery-item'>\n\t\t\t<dt class='gallery-icon landscape'>\n\t\t\t\t<a href='https:\/\/www.of-zwischenwasser.at\/wp-content\/uploads\/2024\/07\/2275505_bigpicture_865659_vu_zwischenw_pkw_abgest63a.jpg'><img loading=\"lazy\" decoding=\"async\" width=\"150\" height=\"150\" src=\"https:\/\/www.of-zwischenwasser.at\/wp-content\/uploads\/2024\/07\/2275505_bigpicture_865659_vu_zwischenw_pkw_abgest63a-150x150.jpg\" class=\"attachment-thumbnail size-thumbnail\" alt=\"(c) Mathis Fotografie \/ vorarlberg.orf.at\" \/><\/a>\n\t\t\t<\/dt><\/dl><dl class='gallery-item'>\n\t\t\t<dt class='gallery-icon landscape'>\n\t\t\t\t<a href='https:\/\/www.of-zwischenwasser.at\/wp-content\/uploads\/2024\/07\/2275513_bigpicture_865654_vu_zwischenw_pkw_abgest62a.jpg'><img loading=\"lazy\" decoding=\"async\" width=\"150\" height=\"150\" src=\"https:\/\/www.of-zwischenwasser.at\/wp-content\/uploads\/2024\/07\/2275513_bigpicture_865654_vu_zwischenw_pkw_abgest62a-150x150.jpg\" class=\"attachment-thumbnail size-thumbnail\" alt=\"(c) Mathis Fotografie \/ vorarlberg.orf.at\" \/><\/a>\n\t\t\t<\/dt><\/dl><br style=\"clear: both\" \/><dl class='gallery-item'>\n\t\t\t<dt class='gallery-icon landscape'>\n\t\t\t\t<a href='https:\/\/www.of-zwischenwasser.at\/wp-content\/uploads\/2024\/07\/2275517_bigpicture_865649_vu_zwischenw_pkw_abgest41a.jpg'><img loading=\"lazy\" decoding=\"async\" width=\"150\" height=\"150\" src=\"https:\/\/www.of-zwischenwasser.at\/wp-content\/uploads\/2024\/07\/2275517_bigpicture_865649_vu_zwischenw_pkw_abgest41a-150x150.jpg\" class=\"attachment-thumbnail size-thumbnail\" alt=\"(c) Mathis Fotografie \/ vorarlberg.orf.at\" \/><\/a>\n\t\t\t<\/dt><\/dl><dl class='gallery-item'>\n\t\t\t<dt class='gallery-icon landscape'>\n\t\t\t\t<a href='https:\/\/www.of-zwischenwasser.at\/wp-content\/uploads\/2024\/07\/2275521_bigpicture_865648_vu_zwischenw_pkw_abgest33a.jpg'><img loading=\"lazy\" decoding=\"async\" width=\"150\" height=\"150\" src=\"https:\/\/www.of-zwischenwasser.at\/wp-content\/uploads\/2024\/07\/2275521_bigpicture_865648_vu_zwischenw_pkw_abgest33a-150x150.jpg\" class=\"attachment-thumbnail size-thumbnail\" alt=\"(c) Mathis Fotografie \/ vorarlberg.orf.at\" \/><\/a>\n\t\t\t<\/dt><\/dl><dl class='gallery-item'>\n\t\t\t<dt class='gallery-icon landscape'>\n\t\t\t\t<a href='https:\/\/www.of-zwischenwasser.at\/wp-content\/uploads\/2024\/07\/2275524_bigpicture_865647_vu_zwischenw_pkw_abgest28a.jpg'><img loading=\"lazy\" decoding=\"async\" width=\"150\" height=\"150\" src=\"https:\/\/www.of-zwischenwasser.at\/wp-content\/uploads\/2024\/07\/2275524_bigpicture_865647_vu_zwischenw_pkw_abgest28a-150x150.jpg\" class=\"attachment-thumbnail size-thumbnail\" alt=\"(c) Mathis Fotografie \/ vorarlberg.orf.at\" \/><\/a>\n\t\t\t<\/dt><\/dl><br style=\"clear: both\" \/><dl class='gallery-item'>\n\t\t\t<dt class='gallery-icon landscape'>\n\t\t\t\t<a href='https:\/\/www.of-zwischenwasser.at\/wp-content\/uploads\/2024\/07\/2275528_bigpicture_865645_vu_zwischenw_pkw_abgest10a.jpg'><img loading=\"lazy\" decoding=\"async\" width=\"150\" height=\"150\" src=\"https:\/\/www.of-zwischenwasser.at\/wp-content\/uploads\/2024\/07\/2275528_bigpicture_865645_vu_zwischenw_pkw_abgest10a-150x150.jpg\" class=\"attachment-thumbnail size-thumbnail\" alt=\"(c) Mathis Fotografie \/ vorarlberg.orf.at\" \/><\/a>\n\t\t\t<\/dt><\/dl><dl class='gallery-item'>\n\t\t\t<dt class='gallery-icon landscape'>\n\t\t\t\t<a href='https:\/\/www.of-zwischenwasser.at\/wp-content\/uploads\/2024\/07\/2275530_bigpicture_865644_vu_zwischenw_pkw_abgest06a.jpg'><img loading=\"lazy\" decoding=\"async\" width=\"150\" height=\"150\" src=\"https:\/\/www.of-zwischenwasser.at\/wp-content\/uploads\/2024\/07\/2275530_bigpicture_865644_vu_zwischenw_pkw_abgest06a-150x150.jpg\" class=\"attachment-thumbnail size-thumbnail\" alt=\"(c) Mathis Fotografie \/ vorarlberg.orf.at\" \/><\/a>\n\t\t\t<\/dt><\/dl><dl class='gallery-item'>\n\t\t\t<dt class='gallery-icon landscape'>\n\t\t\t\t<a href='https:\/\/www.of-zwischenwasser.at\/wp-content\/uploads\/2024\/07\/2275532_bigpicture_865643_vu_zwischenw_pkw_abgest31a.jpg'><img loading=\"lazy\" decoding=\"async\" width=\"150\" height=\"150\" src=\"https:\/\/www.of-zwischenwasser.at\/wp-content\/uploads\/2024\/07\/2275532_bigpicture_865643_vu_zwischenw_pkw_abgest31a-150x150.jpg\" class=\"attachment-thumbnail size-thumbnail\" alt=\"(c) Mathis Fotografie \/ vorarlberg.orf.at\" \/><\/a>\n\t\t\t<\/dt><\/dl><br style=\"clear: both\" \/>\n\t\t<\/div>\n\n","protected":false},"excerpt":{"rendered":"<p>Einsatz Nr: 08\/2024 Alarmierungszeit: 11.07.2024 10:32 Pagermeldung: t3 ZWISCHENWASSER WENGEN L51 km 5.8 [V.U.\/MIT VERLETZUNG] PKW in Tobel &gt; n\u00e4heres nicht bekannt Situation: Am Donnerstagvormittag geriet ein Mann mit seinem VW-Bus \u00fcber den Fahrbahnrand der Laternserstra\u00dfe im Bereich Wengen. Das &hellip; <a href=\"https:\/\/www.of-zwischenwasser.at\/?p=5350\">Weiterlesen <span class=\"meta-nav\">&rarr;<\/span><\/a><\/p>\n","protected":false},"author":1,"featured_media":0,"comment_status":"closed","ping_status":"closed","sticky":false,"template":"","format":"standard","meta":{"footnotes":""},"categories":[3,674],"tags":[17,235,128,688,530,172,29,99,689,210],"class_list":["post-5350","post","type-post","status-publish","format-standard","hentry","category-einsatze","category-einsaetze-2024","tag-batschuns","tag-laternser-strasse","tag-laternserstrasse","tag-laternsertal","tag-t3","tag-unfall","tag-verkehrsunfall","tag-vu","tag-vw-bus","tag-wengen"],"_links":{"self":[{"href":"https:\/\/www.of-zwischenwasser.at\/index.php?rest_route=\/wp\/v2\/posts\/5350","targetHints":{"allow":["GET"]}}],"collection":[{"href":"https:\/\/www.of-zwischenwasser.at\/index.php?rest_route=\/wp\/v2\/posts"}],"about":[{"href":"https:\/\/www.of-zwischenwasser.at\/index.php?rest_route=\/wp\/v2\/types\/post"}],"author":[{"embeddable":true,"href":"https:\/\/www.of-zwischenwasser.at\/index.php?rest_route=\/wp\/v2\/users\/1"}],"replies":[{"embeddable":true,"href":"https:\/\/www.of-zwischenwasser.at\/index.php?rest_route=%2Fwp%2Fv2%2Fcomments&post=5350"}],"version-history":[{"count":1,"href":"https:\/\/www.of-zwischenwasser.at\/index.php?rest_route=\/wp\/v2\/posts\/5350\/revisions"}],"predecessor-version":[{"id":5377,"href":"https:\/\/www.of-zwischenwasser.at\/index.php?rest_route=\/wp\/v2\/posts\/5350\/revisions\/5377"}],"wp:attachment":[{"href":"https:\/\/www.of-zwischenwasser.at\/index.php?rest_route=%2Fwp%2Fv2%2Fmedia&parent=5350"}],"wp:term":[{"taxonomy":"category","embeddable":true,"href":"https:\/\/www.of-zwischenwasser.at\/index.php?rest_route=%2Fwp%2Fv2%2Fcategories&post=5350"},{"taxonomy":"post_tag","embeddable":true,"href":"https:\/\/www.of-zwischenwasser.at\/index.php?rest_route=%2Fwp%2Fv2%2Ftags&post=5350"}],"curies":[{"name":"wp","href":"https:\/\/api.w.org\/{rel}","templated":true}]}}